{"id":1003,"date":"2011-03-30T15:34:06","date_gmt":"2011-03-30T12:34:06","guid":{"rendered":"http:\/\/jurnal.grigore.ro\/?p=1003"},"modified":"2011-03-30T15:34:06","modified_gmt":"2011-03-30T12:34:06","slug":"grija-d-lui-nichita-fata-de-pdl","status":"publish","type":"post","link":"https:\/\/insemnari.grigore.ro\/?p=1003","title":{"rendered":"Grija d-lui Nichita fa\u021b\u0103 de PDL"},"content":{"rendered":"<p><a title=\"Post vacant de viceprimar\" href=\"http:\/\/www.bzi.ro\/post-liber-la-primaria-iasi-nimeni-nu-l-vrea-214034\" target=\"_blank\">Citesc aici<\/a> \u0219i sunt impresionat, chiar \u00eenduio\u0219at, c\u0103 pe dl. Nichita \u00eel doare foarte tare faptul c\u0103 PDL nu face o nominalizare pentru postul de viceprimar r\u0103mas vacant \u00een urma demisiei mele. Nu \u0219tiu dac\u0103 doar el sufer\u0103 din cauza acestei decizii sau mai sunt \u0219i al\u021bii, dar a\u0219 comenta pu\u021bin aceast\u0103 subit\u0103 &#8220;grij\u0103&#8221;&#8230;<\/p>\n<p>A\u0219 cataloga acest demers, \u00een primul r\u00e2nd, drept unul demagogic. De ce demagogic? \u00cen primul r\u00e2nd fiindc\u0103 mimeaz\u0103 grija d-lui Nichita fa\u021b\u0103 de votul dat de ie\u0219eni. Haidade! Nu-i pas\u0103 lui de voturile primite de el (c\u0103 s-ar reflecta \u00een starea ora\u0219ului), dar\u0103mite de voturile oferite de electorat PDL-ului&#8230;. \u00cen al doilea r\u00e2nd, fiindc\u0103 nu de colaboratori are nevoie dl. Nichita, ci de \u021bapi isp\u0103\u0219itori. Dac\u0103 ar fi avut nevoie de colaboratori, nu mi-ar fi retras atribu\u021biile (cu o singur\u0103\u00a0excep\u021bie, \u0219i aceea doar par\u021bial\u0103) atunci c\u00e2nd am \u00eenceput s\u0103 \u00eentreb de ce se cheltuie aiurea \u0219i netransparent banii publici. La urma-urmei, demersul meu ar fi trebuit s\u0103-l bucure: f\u0103ceam economii la bugetul local (sunt mali\u021bios, \u0219tiu)&#8230; <a title=\"Viceprimarul Grigore \u00eesi cere atributiile \u00eenapoi\" href=\"http:\/\/www.bzi.ro\/vicele-grigore-isi-cere-atributiile-inapoi-155056\" target=\"_blank\">I-am cerut<\/a> d-lui Nichita, public \u0219i \u00een repetate r\u00e2nduri s\u0103-mi restituie atribu\u021biile, dar s-a f\u0103cut c\u0103 nu aude. A\u0219a c\u0103 el nu are nevoie de un ajutor (oricum la ce \u0219tie el cel mai bine s\u0103 fac\u0103, sigur nu l-a\u0219 fi ajutat niciodat\u0103) ci de un subiect c\u0103tre care s\u0103 \u00eendrepte acuzator degetul c\u00e2nd ceva nu merge.<\/p>\n<p>Face\u021bi un exerci\u021biu de imagina\u021bie \u0219i g\u00e2ndi\u021bi-v\u0103 ce ar fi \u00eensemnat ca tragicul accident de la Funda\u021bie s\u0103 se fi petrecut cu un tramvai al RATP-ului &#8220;coordonat&#8221; de mine, sau de un alt viceprimar PDL. Ce s\u0103 mai vorbesc de \u00eentreruperea activit\u0103\u021bii CET-ului II de ast\u0103 iarn\u0103?&#8230;<\/p>\n<p>De ce mai spun c\u0103 e nesincer demersul d-lui Nichita? Fiindc\u0103 dac\u0103 i-ar fi p\u0103sat cu adev\u0103rat de propor\u021biile num\u0103rului de consilieri din Consiliul Local, ar fi acceptat propunerile noastre de reprezentare \u00een consiliile de administra\u021bie \u0219i adun\u0103rile generale ale ac\u021bionarilor ale societ\u0103\u021bilor (\u0219i regiei) din subordinea Consiliului Local. El \u00eens\u0103 a g\u0103sit de cuviin\u021b\u0103 s\u0103-\u0219i planteze acolo ni\u0219te votan\u021bi disciplina\u021bi, camufla\u021bi \u00een speciali\u0219ti.<\/p>\n<p>Ace\u0219tia (speciali\u0219tii) ar fi putut fi coopta\u021bi \u00een luarea deciziilor prin includerea lor \u00eentr-o comisie consultativ\u0103 tehnic\u0103 (la nivelul fiec\u0103rei societ\u0103\u021bi), unde ar fi putut fi \u00een plus \u0219i mult mai bine retribui\u021bi, nu doar cu cei 40 RON\/\u0219edin\u021b\u0103 c\u00e2t primesc \u00een calitate de membri ai CA-urilor. Dar dl. Nichita nu are nevoie de expertiz\u0103, ci doar de vot. Vot care s\u0103-i fac\u0103 pe plac.<\/p>\n<p>C\u00e2t de eficien\u021bi au fost speciali\u0219tii d-lui Nichita \u00een aceste CA-uri s-a v\u0103zut clar la CET, unde de\u0219i am reclamat decizia gre\u0219it\u0103, chiar iresponsabil\u0103, luat\u0103 de Consiliul de administra\u021bie de a se merge pe procedura de procesare a c\u0103rbunelui, s-a continuat cu \u00eenc\u0103p\u0103\u021b\u00e2nare aplicarea ei. Rezultatul? CET II oprit \u00een mijlocul iernii din lips\u0103 de c\u0103rbune! Acesta este \u0219i motivul pentru care m-am \u00eempotrivit, \u0219i o fac \u00eenc\u0103, numirii de reprezentan\u021bi PDL \u00een aceste structuri. Ei nu ar fi folosi\u021bi dec\u00e2t \u00een scopul legitim\u0103rii deciziilor luate de &#8220;Marele C\u00e2rmaci&#8221;, fiind totodat\u0103 f\u0103cu\u021bi r\u0103spunz\u0103tori de luarea unor decizii \u00eempotriva voin\u021bei lor \u0219i a intereselor ora\u0219ului \u0219i cet\u0103\u021benilor.<\/p>\n<p>Nu \u00een ultimul r\u00e2nd, \u00eei pas\u0103 d-lui Nichita de voturile date de cet\u0103\u021beni PDL-ului c\u00e2t de-o ceap\u0103 degerat\u0103, lucru dovedit prin \u00eencr\u00e2ncenarea cu care el \u0219i cei din subordinea lui se opun ajungerii pe masa Consiliului Local a oric\u0103rei ini\u021biative a grupului de consilieri PDL. S\u0103 v\u0103 aduc aminte de ini\u021biativa de a \u00eenfiin\u021ba o comisie pe probleme de strategie energetic\u0103 a municipiului? Dar ce, \u00eei trebuia lui ca PDL-ul s\u0103 \u0219tie \u0219i s\u0103 sanc\u021bioneze deciziile proaste luate la CET? Sau ce mi\u0219c\u0103ri sunt f\u0103cute pentru a mai topi bani publici pe concesiuni dubioase cu iluminatul public? Sau de ce ar fi fost de acord dl. Nichita s\u0103 trecem prin CL proiectul de hot\u0103r\u00e2re privind \u00eencheierea unor contracte mai stricte cu constructorii din ora\u0219? P\u0103i cum, s\u0103 termin\u0103m \u0219antierul din T\u0103t\u0103ra\u0219i, iar asta s\u0103 fie meritul PDL? Nu! \u00cei sabot\u0103m pe PDL-i\u0219ti \u0219i \u021binem un cartier \u00eentreg \u00een praf, gropi \u0219i mizerie&#8230; Iar exemplele pot continua mult \u0219i bine, iar ie\u0219enii sufer\u0103 din aceast\u0103 cauz\u0103, \u00een timp ce dl. Nichita ne pocne\u0219te timpanele cu turuiala lui neobosit\u0103 cu &#8220;proiectele Ia\u0219ului&#8221; (vede\u021bi \u0219i din felul \u00een care formuleaz\u0103 c\u0103 ele nu sunt ale ie\u0219enilor&#8230;).<\/p>\n<p>\u0218antajul acesta permanent al d-lui Nichita cu &#8220;proiectele Ia\u0219ului&#8221; nu e dec\u00e2t o perdea de fum creat\u0103 special pentru a-\u0219i camufla incompeten\u021ba \u0219i incapacitatea cronic\u0103 de a gestiona un municipiu de m\u0103rimea \u0219i complexitatea Ia\u0219ului.<\/p>\n<p>\u0218i chiar, de ce nu-\u0219i asum\u0103 PNL-ul func\u021bia de viceprimar? Fiindc\u0103 celelalte func\u021bii (de directori) \u0219i le-au asumat foarte u\u0219or&#8230;<\/p>\n","protected":false},"excerpt":{"rendered":"<p>Citesc aici \u0219i sunt impresionat, chiar \u00eenduio\u0219at, c\u0103 pe dl. Nichita \u00eel doare foarte tare faptul c\u0103 PDL nu face o nominalizare pentru postul de viceprimar r\u0103mas vacant \u00een urma demisiei mele. Nu \u0219tiu dac\u0103 doar el sufer\u0103 din cauza acestei decizii sau mai sunt \u0219i al\u021bii, dar a\u0219 comenta pu\u021bin aceast\u0103 subit\u0103 &#8220;grij\u0103&#8221;&#8230; A\u0219 [&hellip;]<\/p>\n","protected":false},"author":1,"featured_media":0,"comment_status":"open","ping_status":"open","sticky":false,"template":"","format":"standard","meta":{"_et_pb_use_builder":"","_et_pb_old_content":"","jetpack_post_was_ever_published":false,"jetpack_publicize_message":"","jetpack_is_tweetstorm":false,"jetpack_publicize_feature_enabled":true,"jetpack_social_post_already_shared":false,"jetpack_social_options":{"image_generator_settings":{"template":"highway","enabled":false}}},"categories":[3],"tags":[10,11],"jetpack_publicize_connections":[],"jetpack_featured_media_url":"","jetpack_sharing_enabled":true,"jetpack_shortlink":"https:\/\/wp.me\/p5QsNR-gb","jetpack-related-posts":[{"id":343,"url":"https:\/\/insemnari.grigore.ro\/?p=343","url_meta":{"origin":1003,"position":0},"title":"Ipocrizie m\u0103runt\u0103, marca Nichita","date":"01\/05\/2010","format":false,"excerpt":"Dl. Nichita \u0219i sf\u0103tuitorii (plus distribuitorii) d-sale \u00een ce prive\u0219te reac\u021biile pentru pres\u0103 \u0219i public au dat un mesaj de total\u0103 indignare proletar\u0103 ieri, acuz\u00e2ndu-ne pe noi, consilierii PDL, c\u0103 am \"sabotat\", ce altceva dec\u00e2t bine\u00een\u021beles, marota pre\u0219edintelui PSD de Bahlui (\u0219i Jijia), adic\u0103 \"proiectele Ia\u0219ului\". Citez: \"din cauza nep\u0103s\u0103rii\u2026","rel":"","context":"In &quot;Politic\u0103&quot;","img":{"alt_text":"","src":"","width":0,"height":0},"classes":[]},{"id":1612,"url":"https:\/\/insemnari.grigore.ro\/?p=1612","url_meta":{"origin":1003,"position":1},"title":"Penibilul &#8220;dezvoltator urban&#8221;","date":"14\/12\/2011","format":false,"excerpt":"Dezvoltarea urban\u0103 (\u00een englez\u0103 acest termen fiind asimilat celui de \u201durban planning\u201d) cuprinde domenii precum \u201deconomie, design, ecologie, sociologie, geografie, drept, \u015ftiin\u0163e politice, \u015fi statistici pentru a ghida \u015fi a asigura dezvoltarea ordonat\u0103 a comunit\u0103\u0163ilor\u201d (conform unei defini\u021bii date de o universitate canadian\u0103). Citeam zilele trecute \u0219tirea conform c\u0103reia dl.\u2026","rel":"","context":"In &quot;Politic\u0103&quot;","img":{"alt_text":"","src":"","width":0,"height":0},"classes":[]},{"id":1732,"url":"https:\/\/insemnari.grigore.ro\/?p=1732","url_meta":{"origin":1003,"position":2},"title":"Codru-i frate cu rom\u00e2nul (invers, nu)","date":"06\/01\/2012","format":false,"excerpt":"Sau cel pu\u021bin a\u0219a spune Eminescu \u00een a lui \"Doin\u0103\". Ei bine, din p\u0103cate invers mai pu\u021bin, ba chiar deloc. Dar asta o \u0219tim cu to\u021bii deja, dup\u0103 ce acel \"40% din suprafa\u021ba \u021b\u0103rii noastre este acoperit\u0103 de p\u0103duri\" pe care l-am \u00eenv\u0103\u021bat cei din genera\u021bia mea la \u0219coal\u0103 nu\u2026","rel":"","context":"In &quot;Politic\u0103&quot;","img":{"alt_text":"","src":"https:\/\/i0.wp.com\/jurnal.grigore.ro\/wp-content\/uploads\/2012\/01\/IMG-20120104-00126-300x225.jpg?resize=350%2C200","width":350,"height":200},"classes":[]},{"id":1098,"url":"https:\/\/insemnari.grigore.ro\/?p=1098","url_meta":{"origin":1003,"position":3},"title":"&#8220;Lucrurile importante au nevoie de timp&#8221; (ca s\u0103 se deterioreze \u0219i mai mult) 1","date":"18\/04\/2011","format":false,"excerpt":"Cred c\u0103 sunte\u021bi cu to\u021bii de acord c\u0103 str\u0103zile unui ora\u0219 sunt un lucru important, nu? \u0218i eu cred la fel. Dac\u0103 ar fi s\u0103 m\u0103 iau dup\u0103 dom' Nichita, fiind vorba de un lucru important, ar fi nevoie de timp, c\u0103 doar a\u0219a ne-a spus d-sa \u00een campania electoral\u0103\u2026","rel":"","context":"In &quot;Politic\u0103&quot;","img":{"alt_text":"","src":"","width":0,"height":0},"classes":[]},{"id":1774,"url":"https:\/\/insemnari.grigore.ro\/?p=1774","url_meta":{"origin":1003,"position":4},"title":"Cum s\u0103 \u00eempiedici o prostie (\u0219i o ho\u021bie)&#8230; Sau invers&#8230;","date":"14\/02\/2012","format":false,"excerpt":"Scriam acum vreo trei s\u0103pt\u0103m\u00e2ni despre inutilitatea distrugerii unui parc central (una din pu\u021binele zone verzi neafectate de elanul urbanistico-distructiv al lui Nichita Gheorghe). Ofeream \u0219i ni\u0219te \u00a0solu\u021bii alternative aflate \u00een imediata apropiere. Solu\u021bii concrete (cu loca\u021bii, suprafe\u021be etc.) au dat \u0219i colegii mei din CL, ba mai mult, le-au\u2026","rel":"","context":"In &quot;Politic\u0103&quot;","img":{"alt_text":"","src":"https:\/\/i0.wp.com\/jurnal.grigore.ro\/wp-content\/uploads\/2012\/02\/IMG-20120214-00031-300x225.jpg?resize=350%2C200","width":350,"height":200},"classes":[]},{"id":1702,"url":"https:\/\/insemnari.grigore.ro\/?p=1702","url_meta":{"origin":1003,"position":5},"title":"Proiecte mari, realiz\u0103ri mici","date":"05\/01\/2012","format":false,"excerpt":"Am v\u0103zut pe youtube (dup\u0103 un link din media online ie\u0219ean\u0103) un filmule\u021b care prezint\u0103 viitorul pasaj de la Funda\u021bie. Un proiect bun \u0219i absolut necesar. Nu pot \u00eens\u0103 s\u0103 nu-mi aduc aminte de campania electoral\u0103 de la localele din 2008 c\u00e2nd dl. Oprea propunea exact acest proiect din partea\u2026","rel":"","context":"In &quot;Politic\u0103&quot;","img":{"alt_text":"","src":"https:\/\/i0.wp.com\/jurnal.grigore.ro\/wp-content\/uploads\/2012\/01\/bcu.01-270x360.jpg?resize=350%2C200","width":350,"height":200},"classes":[]}],"jetpack_likes_enabled":true,"_links":{"self":[{"href":"https:\/\/insemnari.grigore.ro\/index.php?rest_route=\/wp\/v2\/posts\/1003"}],"collection":[{"href":"https:\/\/insemnari.grigore.ro\/index.php?rest_route=\/wp\/v2\/posts"}],"about":[{"href":"https:\/\/insemnari.grigore.ro\/index.php?rest_route=\/wp\/v2\/types\/post"}],"author":[{"embeddable":true,"href":"https:\/\/insemnari.grigore.ro\/index.php?rest_route=\/wp\/v2\/users\/1"}],"replies":[{"embeddable":true,"href":"https:\/\/insemnari.grigore.ro\/index.php?rest_route=%2Fwp%2Fv2%2Fcomments&post=1003"}],"version-history":[{"count":0,"href":"https:\/\/insemnari.grigore.ro\/index.php?rest_route=\/wp\/v2\/posts\/1003\/revisions"}],"wp:attachment":[{"href":"https:\/\/insemnari.grigore.ro\/index.php?rest_route=%2Fwp%2Fv2%2Fmedia&parent=1003"}],"wp:term":[{"taxonomy":"category","embeddable":true,"href":"https:\/\/insemnari.grigore.ro\/index.php?rest_route=%2Fwp%2Fv2%2Fcategories&post=1003"},{"taxonomy":"post_tag","embeddable":true,"href":"https:\/\/insemnari.grigore.ro\/index.php?rest_route=%2Fwp%2Fv2%2Ftags&post=1003"}],"curies":[{"name":"wp","href":"https:\/\/api.w.org\/{rel}","templated":true}]}}