{"id":1206,"date":"2011-04-29T21:42:34","date_gmt":"2011-04-29T18:42:34","guid":{"rendered":"http:\/\/jurnal.grigore.ro\/?p=1206"},"modified":"2011-04-29T21:42:34","modified_gmt":"2011-04-29T18:42:34","slug":"o-natiune","status":"publish","type":"post","link":"https:\/\/insemnari.grigore.ro\/?p=1206","title":{"rendered":"O na\u021biune&#8230;"},"content":{"rendered":"<p>Dincolo de show \u0219i de PR (comunicare cu publicul), ce am v\u0103zut ast\u0103zi la &#8220;nunta secolului&#8221;, fie pe aproape toate posturile TV, fie pe internet, a fost o lec\u021bie pentru mul\u021bi (sper). Nu \u0219tiu de ce, \u00eemi sun\u0103 mai &#8220;nobil&#8221;, dac\u0103 vre\u021bi, \u0219i mai demn, cuv\u00e2ntul na\u021biune dec\u00e2t popor. Ast\u0103zi am v\u0103zut o na\u021biune. Cea britanic\u0103. Cea care a adus civiliza\u021bie \u0219i cunoa\u0219tere pe un teritoriu pe care doar romanii l-au mai egalat, istoric vorbind, \u00een termeni de lume cunoscut\u0103\/explorat\u0103 vs. dominat\u0103. Ce-am v\u0103zut la britanici?<\/p>\n<p>- o na\u021biune m\u00e2ndr\u0103 de conduc\u0103torii ei \u0219i implicit de ea \u00eens\u0103\u0219i;<br \/>\n- o na\u021biune calm\u0103 \u0219i destins\u0103, \u00een ciuda faptului c\u0103 trece prin decizii politico-economice mult mai dure dec\u00e2t oricare din cele luate la noi \u00een ultimul an \u0219i jum\u0103tate;<br \/>\n- o na\u021biune demn\u0103, prin comportament \u0219i mentalitate, s\u0103 fie una din na\u021biunile de frunte \u0219i respectate ale lumii;<\/p>\n<p>Ce am v\u0103zut la noi?<\/p>\n<p>- la TV, comentarii imbecile ale unor &#8220;doamne&#8221; cu ni\u0219te p\u0103l\u0103rii parc\u0103 luate din gr\u0103dina lu&#8217; bunicu&#8217; (vezi Tatoiu);<br \/>\n- pe net, v\u0103c\u0103reli \u0219i amenin\u021b\u0103ri ale lui V\u00e2ntu;<br \/>\n- \u00een Ia\u0219i, strofoc\u0103ri politico-gramaticale \u00a0ale lui Nichita \u0219i Fenechiu;<\/p>\n<p>Ce a\u0219tept\u0103ri mai am acum? Nu mari. Sunt doar resemnat s\u0103 trec \u0219i de &#8220;marea s\u0103rb\u0103toare&#8221; PSD-ist\u0103 de 1 Mai, \u00een care comuni\u0219tii de ieri, sociali\u0219tii\/USL-i\u0219tii de azi (incluz\u00e2ndu-i aici \u0219i pe to\u021bi vajnicii reprezentan\u021bi &#8220;de dreapta&#8221; ai defunctului PNL, care \u00eentre noi fie vorba, sunt mai to\u021bi angaja\u021bi la Stat - fie salaria\u021bii lui Nichita fie ai altor unit\u0103\u021bi bugetare) vor oferi bere \u0219i mititei celor dispu\u0219i s\u0103 accepte o poman\u0103, oric\u00e2t de mic\u0103.<\/p>\n<p>Face\u021bi Dvs. diferen\u021ba&#8230;<\/p>\n","protected":false},"excerpt":{"rendered":"<p>Dincolo de show \u0219i de PR (comunicare cu publicul), ce am v\u0103zut ast\u0103zi la &#8220;nunta secolului&#8221;, fie pe aproape toate posturile TV, fie pe internet, a fost o lec\u021bie pentru mul\u021bi (sper). Nu \u0219tiu de ce, \u00eemi sun\u0103 mai &#8220;nobil&#8221;, dac\u0103 vre\u021bi, \u0219i mai demn, cuv\u00e2ntul na\u021biune dec\u00e2t popor. Ast\u0103zi am v\u0103zut o na\u021biune. Cea [&hellip;]<\/p>\n","protected":false},"author":1,"featured_media":0,"comment_status":"open","ping_status":"open","sticky":false,"template":"","format":"standard","meta":{"_et_pb_use_builder":"","_et_pb_old_content":"","jetpack_post_was_ever_published":false,"jetpack_publicize_message":"","jetpack_is_tweetstorm":false,"jetpack_publicize_feature_enabled":true,"jetpack_social_post_already_shared":false,"jetpack_social_options":{"image_generator_settings":{"template":"highway","enabled":false}}},"categories":[3],"tags":[95,10,48,11],"jetpack_publicize_connections":[],"jetpack_featured_media_url":"","jetpack_sharing_enabled":true,"jetpack_shortlink":"https:\/\/wp.me\/p5QsNR-js","jetpack-related-posts":[{"id":796,"url":"https:\/\/insemnari.grigore.ro\/?p=796","url_meta":{"origin":1206,"position":0},"title":"Compasiune \u0219i respect","date":"13\/03\/2011","format":false,"excerpt":"Urm\u0103resc, probabil ca mul\u021bi al\u021bi rom\u00e2ni \u0219i mul\u021bi al\u021bi cet\u0103\u021beni ai planetei, ceea ce se \u00eent\u00e2mpl\u0103 acum \u00een Japonia. Am rev\u0103zut pe youtube (alt instrument uimitor de comunicare al zilelor noastre) iar \u0219i iar imaginile dezolante \u0219i impresionante ale dezastrului pe care natura l-a ab\u0103tut asupra acelui col\u021b de lume.\u2026","rel":"","context":"In &quot;Diverse&quot;","img":{"alt_text":"","src":"","width":0,"height":0},"classes":[]},{"id":704,"url":"https:\/\/insemnari.grigore.ro\/?p=704","url_meta":{"origin":1206,"position":1},"title":"C\u00e2teva concluzii dup\u0103 campanie","date":"03\/12\/2008","format":false,"excerpt":"Acum c\u0103 s-au mai risipit incertitudinile perioadei de dup\u0103 campanie, r\u0103m\u00e2n\u00e2nd de v\u0103zut doar formula care va guverna \u021bara, cred c\u0103 putem trage c\u00e2teva concluzii:- partidele \u201emici\u201d au disp\u0103rut. De altfel ele nici nu au fost prezente, dec\u00e2t cel mult pe unele din panourile de afi\u0219aj, dar \u0219i acolo destul\u2026","rel":"","context":"In &quot;Politic\u0103&quot;","img":{"alt_text":"","src":"","width":0,"height":0},"classes":[]},{"id":1442,"url":"https:\/\/insemnari.grigore.ro\/?p=1442","url_meta":{"origin":1206,"position":2},"title":"Despre &#8220;Noua Republic\u0103&#8221; &#8211; considera\u021bii personale","date":"24\/11\/2011","format":false,"excerpt":"Fiindc\u0103 v\u0103d c\u0103 unele comentarii f\u0103cute de mine apropos de \u00eent\u00e2lnirea organizat\u0103 de mi\u0219carea \"Noua Republic\u0103\" au st\u00e2rnit interesul, ba chiar \u0219i o reac\u021bie mai vehement\u0103 a unuia dintre comentatorii blogului d-lui Ghe\u021b\u0103u, m\u0103 simt dator s\u0103 clarific un pic impresiile pe care le am vis-a-vis de aceast\u0103, sper eu,\u2026","rel":"","context":"In &quot;Politic\u0103&quot;","img":{"alt_text":"","src":"","width":0,"height":0},"classes":[]},{"id":1256,"url":"https:\/\/insemnari.grigore.ro\/?p=1256","url_meta":{"origin":1206,"position":3},"title":"Final de vacan\u021b\u0103","date":"31\/08\/2011","format":false,"excerpt":"\u0218i fiindc\u0103 tot a fost perioada concediilor, c\u00e2teva mici concluzii dup\u0103 drumurile f\u0103cute \u00een aceast\u0103 vacan\u021b\u0103 \u00een \u021bar\u0103 \u0219i \u00een afara ei... 1) P\u00e2n\u0103 nu vom avea autostr\u0103zi nu vom conta. \u00cen nici un domeniu pe care \u00eel dorim a se dezvolta, fie c\u0103 vorbim de turism, de industrie, de\u2026","rel":"","context":"In &quot;Diverse&quot;","img":{"alt_text":"","src":"","width":0,"height":0},"classes":[]},{"id":2051,"url":"https:\/\/insemnari.grigore.ro\/?p=2051","url_meta":{"origin":1206,"position":4},"title":"Pleca\u021bi odat\u0103 din ora\u0219ul nostru!","date":"02\/03\/2012","format":false,"excerpt":"Mai ieri am avut n\u0103me\u021bi l\u0103sa\u021bi doar \u00een grija soarelui. Ast\u0103zi avem patinoar. M\u00e2ine ne a\u0219teapt\u0103 gropile. Sunt n\u0103scut \u0219i am crescut \u00een Ia\u0219i, \u00een plus nu mai sunt deloc t\u00e2n\u0103r, a\u0219a c\u0103 am v\u0103zut de suficiente ori ora\u0219ul ie\u0219ind din iarn\u0103. Niciodat\u0103, dar repet, niciodat\u0103 Ia\u0219ul nu a ar\u0103tat\u2026","rel":"","context":"In &quot;Politic\u0103&quot;","img":{"alt_text":"","src":"","width":0,"height":0},"classes":[]},{"id":1137,"url":"https:\/\/insemnari.grigore.ro\/?p=1137","url_meta":{"origin":1206,"position":5},"title":"Cum s-a &#8220;babardit&#8221; televiziunea \u00een Rom\u00e2nia&#8230;","date":"18\/04\/2011","format":false,"excerpt":"Recunosc sincer c\u0103 nu m-am mai uitat de mult timp la posturile rom\u00e2ne\u0219ti de televiziune, prin \"rom\u00e2ne\u0219ti\" \u00een\u021beleg\u00e2nd acele posturi care nu sunt retransmisii subtitrate sau dublate ale unor posturi din str\u0103in\u0103tate. \u0218i evit constant contactul cu TV-urile autohtone de aproximativ 2 ani, cam de c\u00e2nd a \u00eenceput s-o ia\u2026","rel":"","context":"In &quot;Diverse&quot;","img":{"alt_text":"","src":"","width":0,"height":0},"classes":[]}],"jetpack_likes_enabled":true,"_links":{"self":[{"href":"https:\/\/insemnari.grigore.ro\/index.php?rest_route=\/wp\/v2\/posts\/1206"}],"collection":[{"href":"https:\/\/insemnari.grigore.ro\/index.php?rest_route=\/wp\/v2\/posts"}],"about":[{"href":"https:\/\/insemnari.grigore.ro\/index.php?rest_route=\/wp\/v2\/types\/post"}],"author":[{"embeddable":true,"href":"https:\/\/insemnari.grigore.ro\/index.php?rest_route=\/wp\/v2\/users\/1"}],"replies":[{"embeddable":true,"href":"https:\/\/insemnari.grigore.ro\/index.php?rest_route=%2Fwp%2Fv2%2Fcomments&post=1206"}],"version-history":[{"count":0,"href":"https:\/\/insemnari.grigore.ro\/index.php?rest_route=\/wp\/v2\/posts\/1206\/revisions"}],"wp:attachment":[{"href":"https:\/\/insemnari.grigore.ro\/index.php?rest_route=%2Fwp%2Fv2%2Fmedia&parent=1206"}],"wp:term":[{"taxonomy":"category","embeddable":true,"href":"https:\/\/insemnari.grigore.ro\/index.php?rest_route=%2Fwp%2Fv2%2Fcategories&post=1206"},{"taxonomy":"post_tag","embeddable":true,"href":"https:\/\/insemnari.grigore.ro\/index.php?rest_route=%2Fwp%2Fv2%2Ftags&post=1206"}],"curies":[{"name":"wp","href":"https:\/\/api.w.org\/{rel}","templated":true}]}}