{"id":1287,"date":"2011-09-19T16:42:49","date_gmt":"2011-09-19T13:42:49","guid":{"rendered":"http:\/\/jurnal.grigore.ro\/?p=1287"},"modified":"2011-09-19T16:42:49","modified_gmt":"2011-09-19T13:42:49","slug":"din-nou-student-2","status":"publish","type":"post","link":"https:\/\/insemnari.grigore.ro\/?p=1287","title":{"rendered":"Din nou student &#8211; 2"},"content":{"rendered":"<p><a href=\"http:\/\/jurnal.grigore.ro\/wp-content\/uploads\/2011\/09\/admitere2.png\"><img loading=\"lazy\" class=\"alignleft size-medium wp-image-1290\" title=\"Admitere master septembrie 2011\" src=\"http:\/\/jurnal.grigore.ro\/wp-content\/uploads\/2011\/09\/admitere2-300x225.png\" alt=\"Admitere master septembrie 2011\" width=\"300\" height=\"225\" \/><\/a>Ieri s-au afi\u0219at rezultatele admiterii de la Facultatea de Filosofie \u015fi \u015etiin\u0163e Social\u2013Politice, sec\u021bia\u00a0Studii europene de integrare \u015fi securitate, a\u0219a c\u0103 de-acum sunt \u00een mod oficial student \ud83d\ude00 Dac\u0103 nu m\u0103 crede\u021bi, am ata\u0219at \u0219i o poz\u0103 :))<\/p>\n<p>A\u0219a c\u0103, dup\u0103 toate \u00eencuraj\u0103rile primite, mingea e \u00een terenul meu. Promit s\u0103 nu m\u0103 fac de r\u00e2s!<\/p>\n<p>P.S.: Aaaaa, s\u0103 nu uit&#8230; am fost la c\u00e2teva sutimi de locul 3&#8230; Off&#8230; tinerii din ziua de azi, mi-au luat-o \u00eenainte :)))<\/p>\n","protected":false},"excerpt":{"rendered":"<p>Ieri s-au afi\u0219at rezultatele admiterii de la Facultatea de Filosofie \u015fi \u015etiin\u0163e Social\u2013Politice, sec\u021bia\u00a0Studii europene de integrare \u015fi securitate, a\u0219a c\u0103 de-acum sunt \u00een mod oficial student \ud83d\ude00 Dac\u0103 nu m\u0103 crede\u021bi, am ata\u0219at \u0219i o poz\u0103 :)) A\u0219a c\u0103, dup\u0103 toate \u00eencuraj\u0103rile primite, mingea e \u00een terenul meu. Promit s\u0103 nu m\u0103 fac de [&hellip;]<\/p>\n","protected":false},"author":1,"featured_media":0,"comment_status":"open","ping_status":"open","sticky":false,"template":"","format":"standard","meta":{"_et_pb_use_builder":"","_et_pb_old_content":"","jetpack_post_was_ever_published":false,"jetpack_publicize_message":"","jetpack_is_tweetstorm":false,"jetpack_publicize_feature_enabled":true,"jetpack_social_post_already_shared":false,"jetpack_social_options":{"image_generator_settings":{"template":"highway","enabled":false}}},"categories":[6],"tags":[96,97],"jetpack_publicize_connections":[],"jetpack_featured_media_url":"","jetpack_sharing_enabled":true,"jetpack_shortlink":"https:\/\/wp.me\/p5QsNR-kL","jetpack-related-posts":[{"id":1261,"url":"https:\/\/insemnari.grigore.ro\/?p=1261","url_meta":{"origin":1287,"position":0},"title":"Din nou student&#8230; :)","date":"14\/09\/2011","format":false,"excerpt":"Ieri am postat pe Facebook (un mediu care \u00eemi place foarte mult, recunosc) anun\u021bul c\u0103 voi fi din nou student. R\u0103spunsul a fost unul care mi-a confirmat c\u0103 pe facebook (fb, cum \u00eei spun \"ini\u021bia\u021bii\") ai \u00eentr-adev\u0103r prieteni. Adev\u0103ra\u021bi, nu virtuali. O mul\u021bime de mesaje de sprijin, de \u00eencurajare, de\u2026","rel":"","context":"In &quot;Diverse&quot;","img":{"alt_text":"","src":"","width":0,"height":0},"classes":[]},{"id":3497,"url":"https:\/\/insemnari.grigore.ro\/?p=3497","url_meta":{"origin":1287,"position":1},"title":"Ce mai fac universitarii no\u0219tri","date":"03\/03\/2015","format":false,"excerpt":"A\u0219a cum am putut vedea ieri la televizor, profesorii universitari ie\u0219eni de la Facultatea de Mecanic\u0103 (sau cum s-o mai fi numind acum) preg\u0103tesc \u00een mod gratuit viitorii absolven\u021bi de liceu pentru a-i ajuta s\u0103 devin\u0103 studen\u021bi la facultatea unde fac aceste ore. Cu alte cuvinte, interesul e mutual: elevii\u2026","rel":"","context":"In &quot;Diverse&quot;","img":{"alt_text":"","src":"","width":0,"height":0},"classes":[]},{"id":1213,"url":"https:\/\/insemnari.grigore.ro\/?p=1213","url_meta":{"origin":1287,"position":2},"title":"&#8220;Lucrurile importante&#8221;&#8230;","date":"04\/05\/2011","format":false,"excerpt":"\"Stimabilul\" domn Nichita a devenit faimos pentru recunoa\u0219terea franc\u0103 a propriei incapacit\u00e2\u021bi \u00eenc\u0103 din 2008. La acea vreme sus\u021binea c\u0103 el are g\u00e2nduri mari, \u00eens\u0103 are un du\u0219man, timpul... A\u0219a s-a n\u0103scut lozinca neputin\u021bei sale: \"lucrurile importante au nevoie de timp\". Nu ne-a spus \u00eens\u0103 de c\u00e2t timp ar avea\u2026","rel":"","context":"In &quot;Politic\u0103&quot;","img":{"alt_text":"","src":"","width":0,"height":0},"classes":[]},{"id":1318,"url":"https:\/\/insemnari.grigore.ro\/?p=1318","url_meta":{"origin":1287,"position":3},"title":"\u00cen ap\u0103rarea Laurei&#8230;","date":"22\/09\/2011","format":false,"excerpt":"Citesc aici \u0219i aici despre o mare \"groz\u0103vie\" (cu abord\u0103ri total diferite, felicit\u0103ri d-lui Ghe\u021b\u0103u)... O doamn\u0103 (Laura Munteanu) a postat ni\u0219te fotografii pe profilul ei de pe Facebook... Vreau s\u0103 spun de la bun \u00eenceput: am fost coleg de facultate cu Laura, dar nu ne-am v\u0103zut de vreo 16\u2026","rel":"","context":"In &quot;Diverse&quot;","img":{"alt_text":"","src":"","width":0,"height":0},"classes":[]},{"id":394,"url":"https:\/\/insemnari.grigore.ro\/?p=394","url_meta":{"origin":1287,"position":4},"title":"Nu e normal&#8230;","date":"07\/05\/2010","format":false,"excerpt":"Ast\u0103 sear\u0103 am fost invitat \u00een dou\u0103 locuri... Din p\u0103cate, din motive personale (starea febril\u0103 a fiului meu plus testele de m\u00e2ine ale fiicei mele, dar nu v\u0103d de ce ar trebui s\u0103 m\u0103 justific) nu am reu\u0219it s\u0103 ajung la niciunul din evenimente. Cele dou\u0103 ocazii la care eram\u2026","rel":"","context":"In &quot;Politic\u0103&quot;","img":{"alt_text":"","src":"https:\/\/i0.wp.com\/blog.grigore.ro\/wp-content\/uploads\/2010\/05\/Screen-shot-2010-05-06-at-11.03.01-PM-287x300.png?resize=350%2C200","width":350,"height":200},"classes":[]},{"id":1405,"url":"https:\/\/insemnari.grigore.ro\/?p=1405","url_meta":{"origin":1287,"position":5},"title":"Un semnal de alarm\u0103&#8230;","date":"06\/12\/2011","format":false,"excerpt":"Azi a\u0219 vrea s\u0103 m\u0103 \u00eentorc un pic la chestiunile noastre cele de toate zilele, mai bine spus la ceea ce se mai \u00eent\u00e2mpl\u0103 \u0219i se mai vede prin ora\u0219... Lucr\u0103rile din Copou - \u0219i am s\u0103 m\u0103 refer aici nu la cele de la liniile de tramvai de pe\u2026","rel":"","context":"In &quot;Politic\u0103&quot;","img":{"alt_text":"","src":"","width":0,"height":0},"classes":[]}],"jetpack_likes_enabled":true,"_links":{"self":[{"href":"https:\/\/insemnari.grigore.ro\/index.php?rest_route=\/wp\/v2\/posts\/1287"}],"collection":[{"href":"https:\/\/insemnari.grigore.ro\/index.php?rest_route=\/wp\/v2\/posts"}],"about":[{"href":"https:\/\/insemnari.grigore.ro\/index.php?rest_route=\/wp\/v2\/types\/post"}],"author":[{"embeddable":true,"href":"https:\/\/insemnari.grigore.ro\/index.php?rest_route=\/wp\/v2\/users\/1"}],"replies":[{"embeddable":true,"href":"https:\/\/insemnari.grigore.ro\/index.php?rest_route=%2Fwp%2Fv2%2Fcomments&post=1287"}],"version-history":[{"count":0,"href":"https:\/\/insemnari.grigore.ro\/index.php?rest_route=\/wp\/v2\/posts\/1287\/revisions"}],"wp:attachment":[{"href":"https:\/\/insemnari.grigore.ro\/index.php?rest_route=%2Fwp%2Fv2%2Fmedia&parent=1287"}],"wp:term":[{"taxonomy":"category","embeddable":true,"href":"https:\/\/insemnari.grigore.ro\/index.php?rest_route=%2Fwp%2Fv2%2Fcategories&post=1287"},{"taxonomy":"post_tag","embeddable":true,"href":"https:\/\/insemnari.grigore.ro\/index.php?rest_route=%2Fwp%2Fv2%2Ftags&post=1287"}],"curies":[{"name":"wp","href":"https:\/\/api.w.org\/{rel}","templated":true}]}}