{"id":1442,"date":"2011-11-24T15:04:50","date_gmt":"2011-11-24T12:04:50","guid":{"rendered":"http:\/\/jurnal.grigore.ro\/?p=1442"},"modified":"2011-11-24T15:04:50","modified_gmt":"2011-11-24T12:04:50","slug":"noua-republica","status":"publish","type":"post","link":"https:\/\/insemnari.grigore.ro\/?p=1442","title":{"rendered":"Despre &#8220;Noua Republic\u0103&#8221; &#8211; considera\u021bii personale"},"content":{"rendered":"<p>Fiindc\u0103 v\u0103d c\u0103 <a title=\"Noua Republic\u0103 - jurnalvirtual.ro\" href=\"http:\/\/www.jurnalvirtual.ro\/2011\/11\/23\/gabriel-grigore-despre-noua-republica-nu-sunt-pregatiti-pentru-un-proiect-atat-de-mare\/\" target=\"_blank\">unele comentarii f\u0103cute de mine<\/a> apropos de \u00eent\u00e2lnirea organizat\u0103 de mi\u0219carea &#8220;Noua Republic\u0103&#8221; au st\u00e2rnit interesul, ba chiar \u0219i o reac\u021bie mai vehement\u0103 a unuia dintre comentatorii blogului d-lui Ghe\u021b\u0103u, m\u0103 simt dator s\u0103 clarific un pic impresiile pe care le am vis-a-vis de aceast\u0103, sper eu, viitoare forma\u021biune politic\u0103 de dreapta.<\/p>\n<p>\u00cen primul r\u00e2nd vreau s\u0103 spun c\u0103 eu unul privesc cu foarte mare simpatie \u0219i speran\u021b\u0103 apari\u021bia unei noi \u0219i veritabile forma\u021biuni de dreapta pe scena politic\u0103 actual\u0103. M-am dus la \u00eent\u00e2lnirea cu dl. Mihail Neam\u021bu fiindc\u0103 \u00een general nu-mi place s\u0103 vorbesc despre ceva doar din auzite (a\u0219a cum din p\u0103cate fac prea mul\u021bi) ci dup\u0103 ce iau contact direct cu persoana sau evenimentul respectiv. Mai mult, remarcile mele, departe de a \u00eencerca s\u0103 decredibilizeze aceast\u0103 nou\u0103 ini\u021biativ\u0103, mi-a\u0219 dori s\u0103 fie interpretate ca un \u00eendemn la luciditate, pragmatism \u0219i o m\u00e2n\u0103 de ajutor \u00eentins\u0103 cu toat\u0103 sinceritatea.<\/p>\n<p>Ce m\u0103 calific\u0103 s\u0103 m\u0103 pronun\u021b pe tema asta? Poate faptul c\u0103 am trecut nemijlocit prin experien\u021ba \u00eenfiin\u021b\u0103rii unui partid (PLD), partid care a fost cl\u0103dit exact pe acela\u0219i teren ideologic \u0219i pe acelea\u0219i principii pe care vrea sa apar\u0103 acum \u0219i Noua Republic\u0103.<\/p>\n<p>M-am dus acolo f\u0103r\u0103 s\u0103 \u0219tiu mare lucru despre domnul Neam\u021bu, sau despre amploarea &#8220;fenomenului&#8221; Noua Republic\u0103 la Ia\u0219i, dec\u00e2t ceea ce putusem vedea pe <a title=\"Noua Republic\u0103 Ia\u0219i\" href=\"https:\/\/www.facebook.com\/NouaRepublicaIasi\" target=\"_blank\">pagina facebook<\/a> a acestei mi\u0219c\u0103ri la Ia\u0219i \u0219i pe <a title=\"Noua Republic\u0103\" href=\"http:\/\/nouarepublica.ro\/\" target=\"_blank\">site-ul<\/a> forma\u021biunii. Informa\u021biile pe care le aveam erau c\u0103 la Ia\u0219i aceast\u0103 mi\u0219care are un num\u0103r destul de mare de aderen\u021bi (cel pu\u021bin de ordinul zecilor), c\u0103 ace\u0219tia provin din sectorul privat (preponderent IT, din cele citite) \u0219i c\u0103 dl. Neam\u021bu este un om de valoare, care a trecut prin acea faz\u0103 prin care am trecut \u0219i eu acum c\u00e2\u021biva ani, c\u00e2nd din simplu cet\u0103\u021bean am decis s\u0103 \u00eencerc s\u0103 schimb ceva \u00een ora\u0219ul meu \u0219i \u00een \u021bara mea, implic\u00e2ndu-m\u0103 activ \u00een politic\u0103. \u00cen plus, citisem deja manifestul lor, pe care l-a\u0219 putea amenda \u00een c\u00e2teva locuri, \u00een calitate de om care are de acum o minim\u0103 experien\u021b\u0103 \u00een acest domeniu.<\/p>\n<p>OK, acum s\u0103 vedem ce am g\u0103sit&#8230; \u0218i vreau s\u0103 repet: fac aceste remarci, chiar dac\u0103 unele pot s\u0103 apar\u0103 drept critice, cu toat\u0103 simpatia \u0219i prietenia.<\/p>\n<p>\u00cen primul r\u00e2nd, pentru cei c\u00e2\u021biva zeci (dac\u0103 nu mai mul\u021bi) de membri \u0219i simpatizan\u021bi ferven\u021bi anun\u021ba\u021bi, prezen\u021ba \u00een sal\u0103 a fost sub a\u0219tept\u0103ri. Dintre cei prezen\u021bi, cred c\u0103 m\u0103car un sfert erau doar curio\u0219i (precum eu sau colegul meu, dl. consilier municipal Toma C\u0103t\u0103lin) sau trimi\u0219i acolo pentru informarea altora. \u0218i vreau s\u0103 le spun celor care pornesc aceast\u0103 mi\u0219care la Ia\u0219i (dar \u0219i la nivel na\u021bional) c\u0103 un partid \u00eenseamn\u0103 de foarte, foarte multe ori, mobilizare. Mobilizare la ac\u021biuni, mobilizare la vot, mobilizare pentru propagarea unor mesaje \u0219i idei.<\/p>\n<p>Un partid care nu reu\u0219e\u0219te s\u0103-\u0219i mobilizeze membrii, nu exist\u0103. \u0218i am s\u0103 le spun prietenilor de la NR ce ne spunea un sociolog (dl. Kivu, dac\u0103 nu m\u0103 \u00een\u0219eal\u0103 memoria) nou\u0103, celor din PLD, referitor la PNG, pe vremea c\u00e2nd acel partid cumula aproape 12% din procentele din sondaje: c\u0103 acest partid (PNG) nu va exista, findc\u0103 e un partid care nu se va putea mobiliza \u0219i nefiind capabil de mobilizare nu-\u0219i va putea mobiliza nici electoratul la vot. A avut perfect\u0103 dreptate! Ori la Ia\u0219i, la o \u00eent\u00e2lnire cu ini\u021biatorul \u0219i liderul na\u021bional al mi\u0219c\u0103rii, trebuiau s\u0103 fie prezen\u021bi aproape to\u021bi (plus cei mobiliza\u021bi de ace\u0219tia) membrii sau simpatizan\u021bii NR.<\/p>\n<p>Acest lucru nu s-a \u00eent\u00e2mplat, ceea ce ar trebui s\u0103 fie \u0219i o lec\u021bie \u0219i un semnal de alarm\u0103 pentru cei responsabili de organizare.\u00a0De ce spun c\u0103 e \u0219i un semnal de alarm\u0103? Fiindc\u0103 timpul r\u0103mas p\u00e2n\u0103 la viitoarele alegeri este extrem de scurt. \u0218i g\u00e2ndi\u021bi-v\u00e2, dragi colegi din NR, c\u00e2te eforturi v\u0103 a\u0219teapt\u0103 numai p\u00e2n\u0103 la \u00eenfiin\u021barea voastr\u0103 ca partid. Ve\u021bi vedea ce efort de mobilizare presupune simpla str\u00e2ngere de semn\u0103turi pentru \u00eenfiin\u021barea partidului. V-o spun din proprie experien\u021b\u0103&#8230;<\/p>\n<p>Apoi, p\u0103rerea mea e c\u0103 atunci c\u00e2nd chemi presa, simpatizan\u021bii, membrii actuali la o prim\u0103 \u00eent\u00e2lnire &#8220;oficial\u0103&#8221;, \u00een cadrul c\u0103reia vrei s\u0103 lansezi o platform\u0103, un program, orice presupune o idee, \u00een mod normal preg\u0103te\u0219ti un material scris, fie el \u0219i minimal, care s\u0103 sintetizeze mesajul ce se vrea a fi transmis. \u00cen afar\u0103 de faptul c\u0103 \u00een acest fel ascult\u0103torul \u00ee\u0219i va putea aminti mai bine ideile expuse, respectivul material e \u0219i un bun vector de r\u0103sp\u00e2ndire a ideilor prezentate spre cei ce nu au fost prezen\u021bi \u0219i c\u0103tre poten\u021bialii aderen\u021bi.<\/p>\n<p>Trecem de partea organizatoric\u0103, unde lucrurile se pot corecta \u0219i \u00eembun\u0103t\u0103\u021bi pe parcurs, \u0219i s\u0103 ajungem la mesajul prezentat, \u00een sine. Toate ideile sunt generoase \u0219i subscriu cu toat\u0103 inima la ceea ce s-a spus! Dar&#8230;\u00a0nu sunt noi. De dou\u0103zeci de ani vorbim \u00een Rom\u00e2nia de &#8220;na\u021biune&#8221;, de &#8220;cet\u0103\u021bean&#8221;, de &#8220;pia\u021b\u0103 liber\u0103&#8221;, de &#8220;popor&#8221;, &#8220;istorie&#8221;, &#8220;credin\u021b\u0103&#8221;, &#8220;dreptate&#8221;&#8230; Problema e chiar c\u0103 s-a vorbit at\u00e2t de mult despre ele \u0219i at\u00e2\u021bia tic\u0103lo\u0219i au atins cu vorbele lor b\u0103loase\u00a0aceste teme, \u00eenc\u00e2t au ajuns s\u0103 nu mai \u00eensemne nimic pentru urechea omului de pe strad\u0103.<\/p>\n<p>Mai e ceva, oamenii a\u0219teapt\u0103 de la politicieni solu\u021bii concrete aplicabile \u00een intervale rezonabile de timp \u0219i cu efecte durabile. \u00cens\u0103\u0219i defini\u021bia politicii cuprinde termenii de \u0219tiin\u021b\u0103 \u0219i practic\u0103 a guvern\u0103rii unei entit\u0103\u021bi, fie el stat sau alt\u0103 colectivitate uman\u0103. Ori aici, d-nul Neam\u021bu nu a venit cu nici un element precis. Nu a scos \u00een eviden\u021b\u0103 ce-l diferen\u021biaz\u0103 pe el \u0219i ideile lui de ceilal\u021bi politicieni ce spun acelea\u0219i lucruri, de ce sunt el \u0219i ideile lui altfel&#8230; Nu a spus, de exemplu, cum vrea s\u0103 reglementeze pia\u021ba astfel \u00eenc\u00e2t aceasta s\u0103 fie cu adev\u0103rat liber\u0103. Ce idei ar pune \u00een practic\u0103 \u00een prima zi, odat\u0103 ajuns la guvernare? Care sunt m\u0103surile nenegociabile cu care s-ar duce \u00eentr-o alian\u021b\u0103? P\u0103n\u00e2 la ce limit\u0103 e dispus s\u0103 le negocieze pe celelalte? Cine sunt partenerii viza\u021bi\/dori\u021bi pentru o alian\u021b\u0103?\u00a0Care e \u00eens\u0103\u0219i esen\u021ba programului de guvernare na\u021bional\u0103 dar \u0219i local\u0103 cu care vrea s\u0103 vin\u0103 \u00een fa\u021ba oamenilor \u00een mai pu\u021bin de un an?&#8230;<\/p>\n<p>Nu am primit r\u0103spuns la nici una din \u00eentreb\u0103rile de mai sus&#8230; De aceea, recunosc c\u0103 am fost un pic dezam\u0103git&#8230; M\u0103 a\u0219teptam la mai mult\u0103 concrete\u021be \u0219i pragmatism.<\/p>\n<p>\u00cen plus, nu am reg\u0103sit nici o \u00eencercare de &#8220;localizare&#8221; a discursului, referin\u021be mai concrete la Ia\u0219i, sau ce impact ar avea asupra Ia\u0219ului politicile propuse de vorbitor.<\/p>\n<p>De ce spun toate acestea? Fiindc\u0103 nu pot s\u0103 nu m\u0103 \u00eentorc la compara\u021bia cu PLD-ul. S\u0103 nu uit\u0103m c\u0103 la vremea \u00eenfiin\u021b\u0103rii lui, PLD-ul avea c\u00e2teva atuuri majore:<br \/>\n- contextul politic net mai favorabil dec\u00e2t cel de ast\u0103zi; lumea a\u0219tepta la fel de mult ca \u0219i acum o forma\u021biune veritabil\u0103 de dreapta, curat\u0103, cu oameni competen\u021bi, care s\u0103 nu dezam\u0103geasc\u0103, doar c\u0103 acum zidul ne\u00eencrederii electoratului e cu mult mai \u00eenalt \u0219i mai greu de dep\u0103\u0219it \u0219i asta, sincer, \u0219i datorit\u0103 erorilor comise de PDL \u00een ultimii trei ani. NR nu mai beneficiaz\u0103 azi de acest avantaj;<br \/>\n- \u00a0PLD avea la conducere un triumvirat de excep\u021bie, cred eu: Stolojan (tehnocrat cu o imagine extraordinar\u0103 atunci) - Stoica (un ideolog de prim\u0103 m\u00e2n\u0103) - Flutur (absolut imbatabil ca organizator \u0219i cu o energie practic inepuizabil\u0103). Cu tot respectul, eu despre dl. Neam\u021bu abia am auzit de c\u00e2teva s\u0103pt\u0103m\u00e2ni \u0219i nu pun la \u00eendoial\u0103 competen\u021bele profesionale ale d-sale dar \u00eenc\u0103 nu are atuurile nici unuia din cei prezenta\u021bi anterior.<br \/>\n- infrastructura electoral\u0103: PLD avea deja aderen\u021bi\/simpatizan\u021bi capabili de mobilizare \u0219i organizare (parlamentari, primari, consilieri jude\u021beni \u0219i locali etc.). NR va trebui s\u0103 fac\u0103 acest efort \u00een ritm accelerat \u00eentr-un context politic mult mai dificil, numai dac\u0103 vorbim de faptul c\u0103 e pe acee\u0219i ni\u0219\u0103 cu un alt partid (pretins) de dreapta, partid care se afl\u0103 la guvernare, deci are resurse mult mai mari de a atrage aderen\u021bi&#8230;<\/p>\n<p>\u0218i cu toate aceste avantaje, \u0219i cu filiale numeroase (inclusiv \u00een mediul rural, zon\u0103 pe care NR nu o vizeaz\u0103), PLD-ul a ob\u021binut la nivel na\u021bional 7,78% din voturi \u00een 2007. S\u0103 nu uit\u0103m c\u0103 NR \u00ee\u0219i propune un scor electoral dublu&#8230;<\/p>\n<p>\u0218i ar mai fi destule de spus colegilor \u0219i prietenilor de la viitorul (sper eu) PNR&#8230; De exemplu c\u0103 vor trebui s\u0103-\u0219i dezvolte &#8220;anticorpi&#8221; \u00een ceea ce prive\u0219te selec\u021bia viitorilor membri. \u00cei avertizez c\u0103 vor trebui s\u0103 fac\u0103 fa\u021b\u0103 invaziei de oportuni\u0219ti, de fo\u0219ti membri ai serviciilor secrete, de &#8220;spioni&#8221; ai altor partide, de pioni ai mediului de afaceri ba chiar \u0219i socio- sau psihopa\u021bi \u0219amd. Vor mai trebui s\u0103 \u0219tie s\u0103 gestioneze frustr\u0103rile unor membri, frustr\u0103ri rezultate \u00een urma procesului natural de selec\u021bie a unor lideri. \u0218i sper s\u0103 aib\u0103 \u00een\u021belepciunea \u0219i t\u0103ria de a l\u0103sa ca acest proces de selec\u021bie s\u0103 fie unul natural&#8230;<\/p>\n<p>Eu sper c\u0103 vor reu\u0219i s\u0103 treac\u0103 cu bine de toate aceste obstacole inerente unui \u00eenceput de drum \u0219i \u00eei asigur c\u0103 le voi fi al\u0103turi cu orice sfat, dac\u0103 \u00eel vor considera de folos. \u0218i le mai spun ceva ce am \u00eenv\u0103\u021bat \u00een ultimii ani din politic\u0103, dar general valabil: nu to\u021bi cei care te critic\u0103 \u00ee\u021bi vor r\u0103ul, dup\u0103 cum nu to\u021bi cei ce te laud\u0103 \u00ee\u021bi doresc binele&#8230;<\/p>\n<p>A\u0219a c\u0103, mult succes, Noua Republic\u0103!<\/p>\n","protected":false},"excerpt":{"rendered":"<p>Fiindc\u0103 v\u0103d c\u0103 unele comentarii f\u0103cute de mine apropos de \u00eent\u00e2lnirea organizat\u0103 de mi\u0219carea &#8220;Noua Republic\u0103&#8221; au st\u00e2rnit interesul, ba chiar \u0219i o reac\u021bie mai vehement\u0103 a unuia dintre comentatorii blogului d-lui Ghe\u021b\u0103u, m\u0103 simt dator s\u0103 clarific un pic impresiile pe care le am vis-a-vis de aceast\u0103, sper eu, viitoare forma\u021biune politic\u0103 de dreapta. [&hellip;]<\/p>\n","protected":false},"author":1,"featured_media":0,"comment_status":"open","ping_status":"open","sticky":false,"template":"","format":"standard","meta":{"_et_pb_use_builder":"","_et_pb_old_content":"","jetpack_post_was_ever_published":false,"jetpack_publicize_message":"","jetpack_is_tweetstorm":false,"jetpack_publicize_feature_enabled":true,"jetpack_social_post_already_shared":false,"jetpack_social_options":{"image_generator_settings":{"template":"highway","enabled":false}}},"categories":[3],"tags":[100,56],"jetpack_publicize_connections":[],"jetpack_featured_media_url":"","jetpack_sharing_enabled":true,"jetpack_shortlink":"https:\/\/wp.me\/p5QsNR-ng","jetpack-related-posts":[{"id":1407,"url":"https:\/\/insemnari.grigore.ro\/?p=1407","url_meta":{"origin":1442,"position":0},"title":"&#8220;Too little, too late&#8221;&#8230;","date":"08\/11\/2011","format":false,"excerpt":"\"Prea pu\u021bin (asta sigur), prea t\u00e2rziu (dar s\u0103 sper\u0103m c\u0103 totu\u0219i nu)\"... A\u0219a a\u0219 caracteriza eu decizia de ast\u0103zi (ieri) a BPN... Ca unul care am declinat oferta de a face parte din noua structur\u0103 interimar\u0103, cred c\u0103 nu pot fi b\u0103nuit de o pledoarie pro domo. V\u0103d c\u0103 \"o\u2026","rel":"","context":"In &quot;Politic\u0103&quot;","img":{"alt_text":"","src":"","width":0,"height":0},"classes":[]},{"id":628,"url":"https:\/\/insemnari.grigore.ro\/?p=628","url_meta":{"origin":1442,"position":1},"title":"De ce dreapta?","date":"12\/07\/2010","format":false,"excerpt":"Fiindc\u0103 e majoritar\u0103 \u00een Ia\u0219i de foarte mult timp. St\u00e2nga, adic\u0103 PSD, nu a fost dec\u00e2t un profitor de conjunctur\u0103 la conducerea Ia\u0219ului. Din p\u0103cate \"domnia\" PSD a l\u0103sat brazde ad\u00e2nci pe obrajii b\u0103tr\u00e2nului nostru ora\u0219. L-a umilit, l-a adus la condi\u021bia de a-\u0219i cer\u0219i propria demnitate, ca un b\u0103tr\u00e2n\u2026","rel":"","context":"In &quot;Politic\u0103&quot;","img":{"alt_text":"","src":"","width":0,"height":0},"classes":[]},{"id":2184,"url":"https:\/\/insemnari.grigore.ro\/?p=2184","url_meta":{"origin":1442,"position":2},"title":"A c\u0103zut un &#8220;Guvern&#8221;, dar ce-ar fi dac\u0103?&#8230;","date":"27\/04\/2012","format":false,"excerpt":"A c\u0103zut guvernul Ungureanu. Bucuria USL-i\u0219tilor. Este poate pentru prima dat\u0103, sau cel pu\u021bin asta a fost percep\u021bia mea, c\u00e2nd am avut un Guvern care a spus, \u00een ciuda scurtei lui existen\u021be, \"am f\u0103cut\" \u0219i nu \"promitem c\u0103 vom face\". A fost \u00eentr-adev\u0103r un \"Guvern\" \u0219i nu doar o adun\u0103tur\u0103\u2026","rel":"","context":"In &quot;Politic\u0103&quot;","img":{"alt_text":"","src":"","width":0,"height":0},"classes":[]},{"id":702,"url":"https:\/\/insemnari.grigore.ro\/?p=702","url_meta":{"origin":1442,"position":3},"title":"Despre PLD&#8230;","date":"14\/02\/2008","format":false,"excerpt":"Acum, fiindc\u0103 proiectul PLD a r\u0103mas undeva \u00een urm\u0103, cred c\u0103 am c\u0103derea de a povesti, ca unul implicat direct \u00een acest \"fenomen\" (\u0219i nu gre\u0219esc c\u00e2tu\u0219i de pu\u021bin numindu-l a\u0219a) c\u00e2te ceva din inside-urile lui... Ce a fost pentru mine PLD? A fost poate cea mai frumoas\u0103 \"aventur\u0103\" (\u00een\u2026","rel":"","context":"In &quot;Politic\u0103&quot;","img":{"alt_text":"","src":"","width":0,"height":0},"classes":[]},{"id":870,"url":"https:\/\/insemnari.grigore.ro\/?p=870","url_meta":{"origin":1442,"position":4},"title":"Tr\u0103d\u0103tori de ieri \u0219i de azi&#8230;","date":"23\/03\/2011","format":false,"excerpt":"Vreau de la bun \u00eenceput s\u0103 spun c\u0103 nu am inten\u021bia de a scrie un articol cu tent\u0103 na\u021bionalist\u0103, dar am citit ast\u0103zi un articol din ultimul num\u0103r al revistei \"22\" \u0219i m-am cutremurat. Efectiv! E vorba despre un document publicat ini\u021bial \u00een 2004 de ziarul Evenimentul Zilei, care descrie\u2026","rel":"","context":"In &quot;Politic\u0103&quot;","img":{"alt_text":"","src":"","width":0,"height":0},"classes":[]},{"id":2024,"url":"https:\/\/insemnari.grigore.ro\/?p=2024","url_meta":{"origin":1442,"position":5},"title":"Vre\u021bi \u00een politic\u0103?&#8230; (partea a II-a)","date":"23\/02\/2012","format":false,"excerpt":"Ca un f\u0103cut, dup\u0103 ce vorbeam ieri sear\u0103 despre dezavantajele pe care trebuie s\u0103 \u0219i le asume \u00een mod firesc oricine are dorin\u021ba de a activa politic la un nivel c\u00e2t de c\u00e2t vizibil (aten\u021bia public\u0103 orientat\u0103 c\u0103tre propria persoan\u0103, atenuarea sau dispari\u021bia total\u0103 a intimit\u0103\u021bii vie\u021bii de zi cu\u2026","rel":"","context":"In &quot;Politic\u0103&quot;","img":{"alt_text":"","src":"","width":0,"height":0},"classes":[]}],"jetpack_likes_enabled":true,"_links":{"self":[{"href":"https:\/\/insemnari.grigore.ro\/index.php?rest_route=\/wp\/v2\/posts\/1442"}],"collection":[{"href":"https:\/\/insemnari.grigore.ro\/index.php?rest_route=\/wp\/v2\/posts"}],"about":[{"href":"https:\/\/insemnari.grigore.ro\/index.php?rest_route=\/wp\/v2\/types\/post"}],"author":[{"embeddable":true,"href":"https:\/\/insemnari.grigore.ro\/index.php?rest_route=\/wp\/v2\/users\/1"}],"replies":[{"embeddable":true,"href":"https:\/\/insemnari.grigore.ro\/index.php?rest_route=%2Fwp%2Fv2%2Fcomments&post=1442"}],"version-history":[{"count":0,"href":"https:\/\/insemnari.grigore.ro\/index.php?rest_route=\/wp\/v2\/posts\/1442\/revisions"}],"wp:attachment":[{"href":"https:\/\/insemnari.grigore.ro\/index.php?rest_route=%2Fwp%2Fv2%2Fmedia&parent=1442"}],"wp:term":[{"taxonomy":"category","embeddable":true,"href":"https:\/\/insemnari.grigore.ro\/index.php?rest_route=%2Fwp%2Fv2%2Fcategories&post=1442"},{"taxonomy":"post_tag","embeddable":true,"href":"https:\/\/insemnari.grigore.ro\/index.php?rest_route=%2Fwp%2Fv2%2Ftags&post=1442"}],"curies":[{"name":"wp","href":"https:\/\/api.w.org\/{rel}","templated":true}]}}