{"id":145,"date":"2010-03-27T20:46:02","date_gmt":"2010-03-27T18:46:02","guid":{"rendered":"http:\/\/blog.grigore.ro\/?p=145"},"modified":"2010-03-27T20:46:02","modified_gmt":"2010-03-27T18:46:02","slug":"0-0","status":"publish","type":"post","link":"https:\/\/insemnari.grigore.ro\/?p=145","title":{"rendered":"0-0&#8230;"},"content":{"rendered":"<p style=\"clear: both\">Cam \u0103sta e scorul \u0219i bilan\u021bul fotbalului ie\u0219ean. Mediocritate. Absolut\u0103. \u0218i ast\u0103zi, dar \u0219i pe toat\u0103 durata &#8220;mandatului&#8221; Gh. Nichita.<\/p>\n<p style=\"clear: both\">Nimic pe plus, nimic \u00een minus, de\u0219i un mare minus ar fi confiscarea echipei de fotbal a unui \u00eentreg ora\u0219 \u00een folosul propriu al unui om \u0219i al partidului s\u0103u. Dl. Gh. Nichita procedeaz\u0103 cu fotbalul exact ca \u00een c\u0103r\u021bile ce explicau ce s\u0103 evi\u021bi c\u00e2nd salvezi pe cineva de la \u00eenec. D-sa e exact precum cel ce nu \u0219tie s\u0103 \u00eenoate \u0219i se aga\u021b\u0103 de cel care ar putea s\u0103-l salveze, tr\u0103g\u00e2ndu-l \u00een abis. \u00cen cazul nostru, cel care ar trebui s\u0103-l salveze, chiar \u00eempotriva voin\u021bei sale, e fotbalul. Din amorul (interesat) al d-lui Gh. Nichita pentru fotbal pierde toat\u0103 lumea. Echipa, fiindc\u0103 e sufocat\u0103 de o tutel\u0103 a consiliului local, total nepotrivit\u0103, \u0219i care o oblig\u0103 la subfinan\u021bare (comparativ cu alte echipe care chiar fac performan\u021b\u0103). Ora\u0219ul de dou\u0103 ori: o dat\u0103 fiindc\u0103, a\u0219a cum spuneam, i s-a confiscat echipa \u00een folosul personal \u0219i de grup al unora. A doua oar\u0103 fiindc\u0103 banii ie\u0219enilor, \u0219i a\u0219a pu\u021bini, sunt dirija\u021bi (\u00een acest an \u00een sum\u0103 de aproximativ 2 milioane Euro, doar dac\u0103 nu se vor mai mobiliza sume de pe la fondul de rezerv\u0103 sau prin rectific\u0103ri de buget local, asta nemaipun\u00e2nd la socoteal\u0103 cheltuielile de &#8220;publicitate&#8221; ale Salubris SA \u0219i altele asem\u0103n\u0103toare ale societ\u0103\u021bilor \u0219i regiei din subordinea CL) c\u0103tre o destina\u021bie ce ar trebui s\u0103 fie doar una op\u021bional\u0103 \u0219i ocazional\u0103.<\/p>\n<p style=\"clear: both\">\n<p style=\"clear: both\">\n<p style=\"clear: both\">\n<p style=\"clear: both\">Voi reveni \u00eens\u0103 asupra acestui subiect, fiindc\u0103 eu cred c\u0103 a venit momentul de a l\u0103sa echipa pe m\u00e2na unui investitor privat puternic, oricare ar fi acesta, care s\u0103 fie capabil de a o lua \u0219i dezlipi de imaginea mediocrit\u0103\u021bii celui\/celor care au confiscat-o \u0219i s\u0103 o redea ora\u0219ului, \u00eentregului ora\u0219, adic\u0103 tuturor microbi\u0219tilor, nu doar celor care voteaz\u0103 \u00eentr-un anumit fel.<\/p>\n<p style=\"clear: both\">\n<p style=\"clear: both\">\n<p style=\"clear: both\">\n<p style=\"clear: both\">Mai jos, un colaj foarte reu\u0219it de pe vremea c\u00e2nd Poli juca cu mai pu\u021bini bani, dar cu mai mult\u0103 inim\u0103 \u0219i ambi\u021bie.<\/p>\n<p style=\"clear: both\">\n<p style=\"clear: both\">\n<p style=\"clear: both\">\n<p style=\"clear: both\"><span style=\" text-align: center; display: block; margin: 0 auto 10px;\"><object height=\"350\" classid=\"clsid:d27cdb6e-ae6d-11cf-96b8-444553540000\" codebase=\"http:\/\/download.macromedia.com\/pub\/shockwave\/cabs\/flash\/swflash.cab#version=6,0,40,0\" width=\"425\"><param name=\"src\" value=\"http:\/\/www.youtube.com\/v\/3qHQTyAP1nI\" \/><\/object><\/span> <\/p>\n<p><br class=\"final-break\" style=\"clear: both\" \/><\/p>\n","protected":false},"excerpt":{"rendered":"<p>Cam \u0103sta e scorul \u0219i bilan\u021bul fotbalului ie\u0219ean. Mediocritate. Absolut\u0103. \u0218i ast\u0103zi, dar \u0219i pe toat\u0103 durata &#8220;mandatului&#8221; Gh. Nichita. Nimic pe plus, nimic \u00een minus, de\u0219i un mare minus ar fi confiscarea echipei de fotbal a unui \u00eentreg ora\u0219 \u00een folosul propriu al unui om \u0219i al partidului s\u0103u. Dl. Gh. Nichita procedeaz\u0103 cu [&hellip;]<\/p>\n","protected":false},"author":1,"featured_media":0,"comment_status":"open","ping_status":"open","sticky":false,"template":"","format":"standard","meta":{"_et_pb_use_builder":"","_et_pb_old_content":"","jetpack_post_was_ever_published":false,"jetpack_publicize_message":"","jetpack_is_tweetstorm":false,"jetpack_publicize_feature_enabled":true,"jetpack_social_post_already_shared":false,"jetpack_social_options":{"image_generator_settings":{"template":"highway","enabled":false}}},"categories":[3],"tags":[25,10,26],"jetpack_publicize_connections":[],"jetpack_featured_media_url":"","jetpack_sharing_enabled":true,"jetpack_shortlink":"https:\/\/wp.me\/p5QsNR-2l","jetpack-related-posts":[{"id":711,"url":"https:\/\/insemnari.grigore.ro\/?p=711","url_meta":{"origin":145,"position":0},"title":"Scrisoare deschis\u0103 c\u0103tre ie\u0219eni","date":"14\/02\/2010","format":false,"excerpt":"Am aflat cu surprindere de demersul efectuat de dl. Gheorghe Nichita, prin intermediul unei scrisori deschise, \u0219i anume de reclama\u021bia f\u0103cut\u0103 de d-sa primului ministru la adresa consilierilor locali PD-L care au avut \u201c\u00eendr\u0103zneala\u201d de a se fi ab\u021binut la votarea unui proiect viz\u00e2nd construc\u021bia unei autog\u0103ri \u00een municipiul Ia\u0219i.Surprinderea\u2026","rel":"","context":"In &quot;Politic\u0103&quot;","img":{"alt_text":"","src":"","width":0,"height":0},"classes":[]},{"id":1774,"url":"https:\/\/insemnari.grigore.ro\/?p=1774","url_meta":{"origin":145,"position":1},"title":"Cum s\u0103 \u00eempiedici o prostie (\u0219i o ho\u021bie)&#8230; Sau invers&#8230;","date":"14\/02\/2012","format":false,"excerpt":"Scriam acum vreo trei s\u0103pt\u0103m\u00e2ni despre inutilitatea distrugerii unui parc central (una din pu\u021binele zone verzi neafectate de elanul urbanistico-distructiv al lui Nichita Gheorghe). Ofeream \u0219i ni\u0219te \u00a0solu\u021bii alternative aflate \u00een imediata apropiere. Solu\u021bii concrete (cu loca\u021bii, suprafe\u021be etc.) au dat \u0219i colegii mei din CL, ba mai mult, le-au\u2026","rel":"","context":"In &quot;Politic\u0103&quot;","img":{"alt_text":"","src":"https:\/\/i0.wp.com\/jurnal.grigore.ro\/wp-content\/uploads\/2012\/02\/IMG-20120214-00031-300x225.jpg?resize=350%2C200","width":350,"height":200},"classes":[]},{"id":1612,"url":"https:\/\/insemnari.grigore.ro\/?p=1612","url_meta":{"origin":145,"position":2},"title":"Penibilul &#8220;dezvoltator urban&#8221;","date":"14\/12\/2011","format":false,"excerpt":"Dezvoltarea urban\u0103 (\u00een englez\u0103 acest termen fiind asimilat celui de \u201durban planning\u201d) cuprinde domenii precum \u201deconomie, design, ecologie, sociologie, geografie, drept, \u015ftiin\u0163e politice, \u015fi statistici pentru a ghida \u015fi a asigura dezvoltarea ordonat\u0103 a comunit\u0103\u0163ilor\u201d (conform unei defini\u021bii date de o universitate canadian\u0103). Citeam zilele trecute \u0219tirea conform c\u0103reia dl.\u2026","rel":"","context":"In &quot;Politic\u0103&quot;","img":{"alt_text":"","src":"","width":0,"height":0},"classes":[]},{"id":1213,"url":"https:\/\/insemnari.grigore.ro\/?p=1213","url_meta":{"origin":145,"position":3},"title":"&#8220;Lucrurile importante&#8221;&#8230;","date":"04\/05\/2011","format":false,"excerpt":"\"Stimabilul\" domn Nichita a devenit faimos pentru recunoa\u0219terea franc\u0103 a propriei incapacit\u00e2\u021bi \u00eenc\u0103 din 2008. La acea vreme sus\u021binea c\u0103 el are g\u00e2nduri mari, \u00eens\u0103 are un du\u0219man, timpul... A\u0219a s-a n\u0103scut lozinca neputin\u021bei sale: \"lucrurile importante au nevoie de timp\". Nu ne-a spus \u00eens\u0103 de c\u00e2t timp ar avea\u2026","rel":"","context":"In &quot;Politic\u0103&quot;","img":{"alt_text":"","src":"","width":0,"height":0},"classes":[]},{"id":1003,"url":"https:\/\/insemnari.grigore.ro\/?p=1003","url_meta":{"origin":145,"position":4},"title":"Grija d-lui Nichita fa\u021b\u0103 de PDL","date":"30\/03\/2011","format":false,"excerpt":"Citesc aici \u0219i sunt impresionat, chiar \u00eenduio\u0219at, c\u0103 pe dl. Nichita \u00eel doare foarte tare faptul c\u0103 PDL nu face o nominalizare pentru postul de viceprimar r\u0103mas vacant \u00een urma demisiei mele. Nu \u0219tiu dac\u0103 doar el sufer\u0103 din cauza acestei decizii sau mai sunt \u0219i al\u021bii, dar a\u0219 comenta\u2026","rel":"","context":"In &quot;Politic\u0103&quot;","img":{"alt_text":"","src":"","width":0,"height":0},"classes":[]},{"id":712,"url":"https:\/\/insemnari.grigore.ro\/?p=712","url_meta":{"origin":145,"position":5},"title":"q.e.d.","date":"11\/03\/2010","format":false,"excerpt":"A\u0219a cum spuneam, dl. Nichita \u0219i-a f\u0103cut jocul de imagine... N-a ie\u0219it chiar cum a dorit... De fapt, a ie\u0219it chiar destul de prost. A crezut c\u0103 schimbul reciproc de voturi care probabil l-a propulsat la Congresul PSD pe locul de vicepre\u0219edinte se poate repeta \u0219i la acest nivel. Nu\u2026","rel":"","context":"In &quot;Politic\u0103&quot;","img":{"alt_text":"","src":"","width":0,"height":0},"classes":[]}],"jetpack_likes_enabled":true,"_links":{"self":[{"href":"https:\/\/insemnari.grigore.ro\/index.php?rest_route=\/wp\/v2\/posts\/145"}],"collection":[{"href":"https:\/\/insemnari.grigore.ro\/index.php?rest_route=\/wp\/v2\/posts"}],"about":[{"href":"https:\/\/insemnari.grigore.ro\/index.php?rest_route=\/wp\/v2\/types\/post"}],"author":[{"embeddable":true,"href":"https:\/\/insemnari.grigore.ro\/index.php?rest_route=\/wp\/v2\/users\/1"}],"replies":[{"embeddable":true,"href":"https:\/\/insemnari.grigore.ro\/index.php?rest_route=%2Fwp%2Fv2%2Fcomments&post=145"}],"version-history":[{"count":0,"href":"https:\/\/insemnari.grigore.ro\/index.php?rest_route=\/wp\/v2\/posts\/145\/revisions"}],"wp:attachment":[{"href":"https:\/\/insemnari.grigore.ro\/index.php?rest_route=%2Fwp%2Fv2%2Fmedia&parent=145"}],"wp:term":[{"taxonomy":"category","embeddable":true,"href":"https:\/\/insemnari.grigore.ro\/index.php?rest_route=%2Fwp%2Fv2%2Fcategories&post=145"},{"taxonomy":"post_tag","embeddable":true,"href":"https:\/\/insemnari.grigore.ro\/index.php?rest_route=%2Fwp%2Fv2%2Ftags&post=145"}],"curies":[{"name":"wp","href":"https:\/\/api.w.org\/{rel}","templated":true}]}}