{"id":1612,"date":"2011-12-14T17:41:34","date_gmt":"2011-12-14T15:41:34","guid":{"rendered":"http:\/\/jurnal.grigore.ro\/?p=1612"},"modified":"2011-12-14T17:41:34","modified_gmt":"2011-12-14T15:41:34","slug":"marele-dezvoltator-urban","status":"publish","type":"post","link":"https:\/\/insemnari.grigore.ro\/?p=1612","title":{"rendered":"Penibilul &#8220;dezvoltator urban&#8221;"},"content":{"rendered":"<p>Dezvoltarea urban\u0103 (\u00een englez\u0103 acest termen fiind asimilat celui de \u201durban planning\u201d) cuprinde domenii precum \u201deconomie, design, ecologie, sociologie, geografie, drept, \u015ftiin\u0163e politice, \u015fi statistici pentru a ghida \u015fi a asigura dezvoltarea ordonat\u0103 a comunit\u0103\u0163ilor\u201d (conform unei defini\u021bii date de o universitate canadian\u0103).<\/p>\n<p>Citeam zilele trecute <a href=\"http:\/\/www.jurnalvirtual.ro\/2011\/12\/10\/livetext-cum-se-vede-gala-realitateatv-din-fata-televizorului\/\" target=\"_blank\">\u0219tirea<\/a> conform c\u0103reia dl. Nichita a primit un premiu pentru a\u0219a ceva. Face\u021bi un exerci\u021biu de imagina\u021bie \u0219i pune\u021bi-l pe dl. Nichita, a\u0219a cum \u00eel \u0219ti\u021bi\/\u0219tim cu to\u021bii, al\u0103turi de fiecare din domeniile men\u021bionate mai sus.&#160; Apoi da\u021bi-i, v\u0103 rog, un premiu\u2026 Mda, \u0219tiu c\u0103 nu v\u0103 arde de z\u00e2mbit&#8230;<\/p>\n<p>Conform manualelor, una din func\u021biile principale ale ora\u0219elor \u0219i \u00een str\u00e2ns\u0103 corela\u021bie cu dezvoltarea urban\u0103, este cea estetic\u0103. Iar aceast\u0103 func\u021bie \u021bine \u00een mare m\u0103sur\u0103 de activitatea celor r\u0103spunz\u0103tori de serviciul urbanism (institu\u021bia arhitectului \u0219ef, cum e numit\u0103 mai nou). Nu cred c\u0103 a existat \u00een Ia\u0219ul condus de dl. Nichita, un domeniu mai urgisit dec\u00e2t cel ce prive\u0219te urbanismul. De ce spun asta? Am s\u0103 v\u0103 dau un singur exemplu: fa\u021badele blocurilor, ale cl\u0103dirilor \u00een general. Poate cel mai comun \u201dpeisaj\u201d atunci c\u00e2nd ie\u0219im \u00een ora\u0219. Poate cel mai edificator \u00een ceea ce prive\u0219te gradul de civiliza\u021bie pe care reu\u0219e\u0219te s\u0103-l imprime un edil ora\u0219ului s\u0103u. Asta \u00een caz c\u0103-i pas\u0103, desigur!<\/p>\n<p>C\u00e2t \u00eei pas\u0103 d-lui Nichita de Ia\u0219i? C\u00e2t se pricepe el la a conduce acest ora\u0219 \u0219i a-l \u201ddezvolta\u201d? Pute\u021bi vedea \u00een galeria de imagini de mai jos. \u0218i nu am pus dec\u00e2t c\u00e2teva fotografii surprinse la o simpl\u0103 \u0219i scurt\u0103 plimbare pe jos\u2026<\/p>\n<div style=\"padding-bottom: 0px; margin: 0px auto; padding-left: 0px; width: 410px; padding-right: 0px; display: block; float: none; padding-top: 0px\" id=\"scid:66721397-FF69-4ca6-AEC4-17E6B3208830:4f4b4e75-60fa-4e7f-b95f-a8698f452564\" class=\"wlWriterEditableSmartContent\">\n<table border=0 cellspacing=0 cellpadding=0 style='outline:none;border-style:none;margin:0px;padding:0px;width:410px;border-collapse:collapse;'>\n<tbody>\n<tr>\n<td style='margin:0px;padding:0px;outline:none;border-style:none;width:auto'><a style=\"outline:none;border-style:none;margin:0px;padding:0px;\" target=\"_blank\" href=\"https:\/\/skydrive.live.com\/redir.aspx?cid=cddcdb973a156c6c&amp;page=play&amp;resid=CDDCDB973A156C6C!117&amp;type=5&amp;authkey=!AIH5iux5SwrIB7A&amp;Bsrc=Photomail&amp;Bpub=SDX.Photos\"><img style=\"outline:none;border-style:none;padding:0px;margin:0px;border:0px;background:none;background-image:none;vertical-align:bottom;\" alt=\"Vizualizare album\" title=\"Vizualizare album\" src=\"http:\/\/jurnal.grigore.ro\/wp-content\/uploads\/2011\/12\/Faade-blocuri7.jpg\" \/><\/a><\/p>\n<div style='width:410px;text-align:center;overflow:visible;padding:0px;margin:0px;'>\n<div style='width:410px;overflow:visible;'><a style=\"text-decoration:none;\" href=\"https:\/\/skydrive.live.com\/redir.aspx?cid=cddcdb973a156c6c&amp;page=browse&amp;resid=CDDCDB973A156C6C!117&amp;type=5&amp;authkey=!AIH5iux5SwrIB7A&amp;Bsrc=Photomail&amp;Bpub=SDX.Photos\" target=\"_blank\"><span style=\"line-height:1.26em;padding:0px;width:410px;font-size:26pt;font-family:'Segoe UI', helvetica, arial, sans-serif;\"  defaultText=\"Introduce\u021bi aici numele albumului\">Fa\u021bade blocuri<\/span><\/a><\/div>\n<div style=\"text-align:center;padding:9px 0px 0px 0px;margin:0px 0px 0px 0px;font-family:'Segoe UI', helvetica, arial, sans-serif;font-size:8pt;\">\n<table border=0 cellspacing=0 cellpadding=0 style=\"text-align:center;width:auto;margin-left:auto;margin-right:auto;padding:0px;outline:none;border-style:none;border-collapse:collapse;\">\n<tr>\n<td style=\"vertical-align:top;outline:none;border-style:none;margin:0px;padding:6px 12px 6px 0px;\"><a href=\"https:\/\/skydrive.live.com\/redir.aspx?cid=cddcdb973a156c6c&amp;page=play&amp;resid=CDDCDB973A156C6C!117&amp;type=5&amp;authkey=!AIH5iux5SwrIB7A&amp;Bsrc=Photomail&amp;Bpub=SDX.Photos\" border=\"0\" target=\"_blank\" style=\"font-family:'Segoe UI', helvetica, arial, sans-serif;font-size:8pt;outline:none;border-style:none;text-decoration: none;padding:0px;margin:0px;\">Vizualizare expunere de diapozitive<\/a><\/td>\n<td style=\"vertical-align:top;outline:none;border-style:none;margin:0px;padding:6px 0px 6px 0px;\"><a href=\"https:\/\/skydrive.live.com\/redir.aspx?cid=cddcdb973a156c6c&amp;page=downloadphotos&amp;resid=CDDCDB973A156C6C!117&amp;type=5&amp;Bsrc=Photomail&amp;Bpub=SDX.Photos&amp;authkey=!AIH5iux5SwrIB7A\" border=\"0\" target=\"_blank\" style=\"font-family:'Segoe UI', helvetica, arial, sans-serif;font-size:8pt;outline:none;border-style:none;text-decoration: none;padding:0px;margin:0px;\">DESC\u0102RCARE TOT<\/a><\/td>\n<\/tr>\n<\/table><\/div>\n<\/p><\/div>\n<\/td>\n<\/tr>\n<\/tbody>\n<\/table>\n<\/div>\n<p>Problema e c\u0103 aceste termoizol\u0103ri \u201dartizanale\u201d vor mutila pe termen lung ora\u0219ul. Va fi nevoie de mul\u021bi bani, de mult\u0103 munc\u0103 \u0219i de un primar c\u0103ruia s\u0103-i pese cu adev\u0103rat pentru a-l readuce la o form\u0103 c\u00e2t de c\u00e2t locuibil\u0103. Nu e vina cet\u0103\u021benilor care \u0219i-au f\u0103cut aceste lucr\u0103ri c\u0103 urm\u0103rile sunt cele pe care le pute\u021bi vedea. E ca \u0219i cum a\u0219 acuza un copil l\u0103sat de izbeli\u0219te c\u0103 e needucat. Fiecare a f\u0103cut at\u00e2t c\u00e2t s-a priceput \u0219i de c\u00e2\u021bi bani a avut.<\/p>\n<p>Problema e c\u0103 nimeni nu a controlat ce au f\u0103cut oamenii ace\u0219tia. Nu i-a \u00eentrebat nimeni nici dac\u0103 au un proiect, nici dac\u0103 au autoriza\u021bie de construire (fiindc\u0103 se modific\u0103 fa\u021bada imobilului). Onor domnul primar nu a considerat niciodat\u0103 termoizolarea locuin\u021belor colective o prioritate a ora\u0219ului (a\u0219a cum a considerat de exemplu fotbalul, \u00een care a b\u0103gat o mul\u021bime de bani), altfel acest lucru s-ar fi reflecat \u00een proiectele de buget din ultimii ani.<\/p>\n<p>Ce a\u0219 fi f\u0103cut eu? \u00cen primul r\u00e2nd o cartare a tuturor blocurilor care au nevoie de opera\u021biuni de estetizare \u0219i termoizolare. Apoi stabilirea unei liste de priorit\u0103\u021bi \u00een ce prive\u0219te urgen\u021ba execut\u0103rii unor astfel de lucr\u0103ri. Apoi g\u0103sirea unui mecanism financiar de acoperire a costurilor. Eu unul a\u0219 prefera s\u0103 contractez un \u00eemprumut la nivelul municipalit\u0103\u021bii pentru asemenea lucr\u0103ri, bani care s\u0103 fie recupera\u021bi ulterior de la cet\u0103\u021benii care beneficiaz\u0103 de acestea, \u00een acela\u0219i ritm cu returnarea \u00eemprumutului de c\u0103tre municipalitate, dec\u00eet s\u0103 \u00eendatorez ora\u0219ul pe 20 ani pentru a pl\u0103ti cam\u0103t\u0103 unei firme de la care am cump\u0103rat c\u0103rbune la pre\u021b dublu. Dumnealui are \u00eens\u0103 alte priorit\u0103\u021bi dec\u00e2t ale noastre&#8230;<\/p>\n<p>\u0218i totu\u0219i se poate face \u0219i la Ia\u0219i treab\u0103 a\u0219a cum se cuvine. \u0218i am s\u0103-i dau d-lui Nichita un exemplu din propriul lui partid. Asta ca s\u0103 nu spun\u0103 c\u0103 iar i-l dau exemplu pe dl. Oprea, care a f\u0103cut la UAIC at\u00e2t renov\u0103ri de c\u0103mine vechi, dac\u0103 ar fi s\u0103 m\u0103 refer doar la acest tip de cl\u0103diri, c\u00e2t \u0219i construc\u021bii noi (vezi ansamblurile Academos \u0219i Gaudeamus). De cl\u0103dit, dl. Nichita n-a auzit. \u0218tie \u00eens\u0103 la perfec\u021bie s\u0103 falimenteze. Aici e ne\u00eentrecut!<\/p>\n<p>A\u0219dar am s\u0103-i dau d-lui Nichita exemplul UTI unde conduce un coleg de partid al d-sale (a nu se \u00een\u021belege cumva c\u0103-i fac d-lui Giurm\u0103 campanie \u00een alegerile de la UTI, dar nu pot s\u0103 nu-i recunosc meritele \u00een acest caz). Iat\u0103 cum ar fi trebuit s\u0103 g\u00e2ndeasc\u0103 \u0219i marele \u201ddezvoltator urban\u201d Nichita, dac\u0103 i-ar fi p\u0103sat \u0219i de altele dec\u00e2t s\u0103 se bage ca \u201dp\u0103duchele \u00een frunte\u201d (nu m\u0103 acuza\u021bi, e chiar vorba d-sale la adresa unui consilier PDL) la a primi premii la gale organizate pe bani publici.<\/p>\n<div style=\"padding-bottom: 0px; margin: 0px auto; padding-left: 0px; width: 410px; padding-right: 0px; display: block; float: none; padding-top: 0px\" id=\"scid:66721397-FF69-4ca6-AEC4-17E6B3208830:c9132016-af6b-4624-af6c-b36f00ef9365\" class=\"wlWriterEditableSmartContent\">\n<table border=0 cellspacing=0 cellpadding=0 style='outline:none;border-style:none;margin:0px;padding:0px;width:410px;border-collapse:collapse;'>\n<tbody>\n<tr>\n<td style='margin:0px;padding:0px;outline:none;border-style:none;width:auto'><a style=\"outline:none;border-style:none;margin:0px;padding:0px;\" target=\"_blank\" href=\"https:\/\/skydrive.live.com\/redir.aspx?cid=cddcdb973a156c6c&amp;page=play&amp;resid=CDDCDB973A156C6C!131&amp;type=5&amp;authkey=!ALZW5yzyn7arzB0&amp;Bsrc=Photomail&amp;Bpub=SDX.Photos\"><img style=\"outline:none;border-style:none;padding:0px;margin:0px;border:0px;background:none;background-image:none;vertical-align:bottom;\" alt=\"Vizualizare album\" title=\"Vizualizare album\" src=\"http:\/\/jurnal.grigore.ro\/wp-content\/uploads\/2011\/12\/album7.jpg\" \/><\/a><\/p>\n<div style='width:410px;text-align:center;overflow:visible;padding:0px;margin:0px;'>\n<div style='width:410px;overflow:visible;'><a style=\"text-decoration:none;\" href=\"https:\/\/skydrive.live.com\/redir.aspx?cid=cddcdb973a156c6c&amp;page=browse&amp;resid=CDDCDB973A156C6C!131&amp;type=5&amp;authkey=!ALZW5yzyn7arzB0&amp;Bsrc=Photomail&amp;Bpub=SDX.Photos\" target=\"_blank\"><span style=\"line-height:1.26em;padding:0px;width:410px;font-size:26pt;font-family:'Segoe UI', helvetica, arial, sans-serif;\"  defaultText=\"Introduce\u021bi aici numele albumului\">C\u0103mine campus Tudor Vladimirescu<\/span><\/a><\/div>\n<div style=\"text-align:center;padding:9px 0px 0px 0px;margin:0px 0px 0px 0px;font-family:'Segoe UI', helvetica, arial, sans-serif;font-size:8pt;\">\n<table border=0 cellspacing=0 cellpadding=0 style=\"text-align:center;width:auto;margin-left:auto;margin-right:auto;padding:0px;outline:none;border-style:none;border-collapse:collapse;\">\n<tr>\n<td style=\"vertical-align:top;outline:none;border-style:none;margin:0px;padding:6px 12px 6px 0px;\"><a href=\"https:\/\/skydrive.live.com\/redir.aspx?cid=cddcdb973a156c6c&amp;page=play&amp;resid=CDDCDB973A156C6C!131&amp;type=5&amp;authkey=!ALZW5yzyn7arzB0&amp;Bsrc=Photomail&amp;Bpub=SDX.Photos\" border=\"0\" target=\"_blank\" style=\"font-family:'Segoe UI', helvetica, arial, sans-serif;font-size:8pt;outline:none;border-style:none;text-decoration: none;padding:0px;margin:0px;\">Vizualizare expunere de diapozitive<\/a><\/td>\n<td style=\"vertical-align:top;outline:none;border-style:none;margin:0px;padding:6px 0px 6px 0px;\"><a href=\"https:\/\/skydrive.live.com\/redir.aspx?cid=cddcdb973a156c6c&amp;page=downloadphotos&amp;resid=CDDCDB973A156C6C!131&amp;type=5&amp;Bsrc=Photomail&amp;Bpub=SDX.Photos&amp;authkey=!ALZW5yzyn7arzB0\" border=\"0\" target=\"_blank\" style=\"font-family:'Segoe UI', helvetica, arial, sans-serif;font-size:8pt;outline:none;border-style:none;text-decoration: none;padding:0px;margin:0px;\">DESC\u0102RCARE TOT<\/a><\/td>\n<\/tr>\n<\/table><\/div>\n<\/p><\/div>\n<\/td>\n<\/tr>\n<\/tbody>\n<\/table>\n<\/div>\n<p> De aceea mi se pare absolut jenant\u0103, de fapt penibil\u0103, a\u0219a cum spuneam \u0219i \u00een titlu, premierea unuia ca Nichita, mai ales la capitolul \u201ddezvoltare urban\u0103\u201d. \u0218i sper c\u0103 investitorul de la Palas realizeaz\u0103 ce deficit de imagine \u00eei creeaz\u0103 asocierea Palas-Nichita\u2026<\/p>\n<p>P.S. \u2013 \u0218i de unde p\u00e2n\u0103 unde, m\u0103 rog, a ajuns SRL-ul d-lui Tatulici (a c\u0103rui tern\u0103 \u0219i stupid\u0103 emisiune \u201dJoia tineretului\u201d \u00eenc\u0103 mi-o mai amintesc) s\u0103 ierarhizeze valorile \u00een \u021bara asta?\u2026<\/p>\n<p>Dar, la a\u0219a evaluator, a\u0219a premiat&#8230; <img style=\"border-bottom-style: none; border-left-style: none; border-top-style: none; border-right-style: none\" class=\"wlEmoticon wlEmoticon-smile\" alt=\"Z\u00e2mbet\" src=\"http:\/\/jurnal.grigore.ro\/wp-content\/uploads\/2011\/12\/wlEmoticon-smile.png\" \/><\/p>\n","protected":false},"excerpt":{"rendered":"<p>Dezvoltarea urban\u0103 (\u00een englez\u0103 acest termen fiind asimilat celui de \u201durban planning\u201d) cuprinde domenii precum \u201deconomie, design, ecologie, sociologie, geografie, drept, \u015ftiin\u0163e politice, \u015fi statistici pentru a ghida \u015fi a asigura dezvoltarea ordonat\u0103 a comunit\u0103\u0163ilor\u201d (conform unei defini\u021bii date de o universitate canadian\u0103). Citeam zilele trecute \u0219tirea conform c\u0103reia dl. Nichita a primit un premiu [&hellip;]<\/p>\n","protected":false},"author":1,"featured_media":0,"comment_status":"open","ping_status":"open","sticky":false,"template":"","format":"standard","meta":{"_et_pb_use_builder":"","_et_pb_old_content":"","jetpack_post_was_ever_published":false,"jetpack_publicize_message":"","jetpack_is_tweetstorm":false,"jetpack_publicize_feature_enabled":true,"jetpack_social_post_already_shared":false,"jetpack_social_options":{"image_generator_settings":{"template":"highway","enabled":false}}},"categories":[3],"tags":[10,45,11],"jetpack_publicize_connections":[],"jetpack_featured_media_url":"","jetpack_sharing_enabled":true,"jetpack_shortlink":"https:\/\/wp.me\/p5QsNR-q0","jetpack-related-posts":[{"id":711,"url":"https:\/\/insemnari.grigore.ro\/?p=711","url_meta":{"origin":1612,"position":0},"title":"Scrisoare deschis\u0103 c\u0103tre ie\u0219eni","date":"14\/02\/2010","format":false,"excerpt":"Am aflat cu surprindere de demersul efectuat de dl. Gheorghe Nichita, prin intermediul unei scrisori deschise, \u0219i anume de reclama\u021bia f\u0103cut\u0103 de d-sa primului ministru la adresa consilierilor locali PD-L care au avut \u201c\u00eendr\u0103zneala\u201d de a se fi ab\u021binut la votarea unui proiect viz\u00e2nd construc\u021bia unei autog\u0103ri \u00een municipiul Ia\u0219i.Surprinderea\u2026","rel":"","context":"In &quot;Politic\u0103&quot;","img":{"alt_text":"","src":"","width":0,"height":0},"classes":[]},{"id":343,"url":"https:\/\/insemnari.grigore.ro\/?p=343","url_meta":{"origin":1612,"position":1},"title":"Ipocrizie m\u0103runt\u0103, marca Nichita","date":"01\/05\/2010","format":false,"excerpt":"Dl. Nichita \u0219i sf\u0103tuitorii (plus distribuitorii) d-sale \u00een ce prive\u0219te reac\u021biile pentru pres\u0103 \u0219i public au dat un mesaj de total\u0103 indignare proletar\u0103 ieri, acuz\u00e2ndu-ne pe noi, consilierii PDL, c\u0103 am \"sabotat\", ce altceva dec\u00e2t bine\u00een\u021beles, marota pre\u0219edintelui PSD de Bahlui (\u0219i Jijia), adic\u0103 \"proiectele Ia\u0219ului\". Citez: \"din cauza nep\u0103s\u0103rii\u2026","rel":"","context":"In &quot;Politic\u0103&quot;","img":{"alt_text":"","src":"","width":0,"height":0},"classes":[]},{"id":1732,"url":"https:\/\/insemnari.grigore.ro\/?p=1732","url_meta":{"origin":1612,"position":2},"title":"Codru-i frate cu rom\u00e2nul (invers, nu)","date":"06\/01\/2012","format":false,"excerpt":"Sau cel pu\u021bin a\u0219a spune Eminescu \u00een a lui \"Doin\u0103\". Ei bine, din p\u0103cate invers mai pu\u021bin, ba chiar deloc. Dar asta o \u0219tim cu to\u021bii deja, dup\u0103 ce acel \"40% din suprafa\u021ba \u021b\u0103rii noastre este acoperit\u0103 de p\u0103duri\" pe care l-am \u00eenv\u0103\u021bat cei din genera\u021bia mea la \u0219coal\u0103 nu\u2026","rel":"","context":"In &quot;Politic\u0103&quot;","img":{"alt_text":"","src":"https:\/\/i0.wp.com\/jurnal.grigore.ro\/wp-content\/uploads\/2012\/01\/IMG-20120104-00126-300x225.jpg?resize=350%2C200","width":350,"height":200},"classes":[]},{"id":1213,"url":"https:\/\/insemnari.grigore.ro\/?p=1213","url_meta":{"origin":1612,"position":3},"title":"&#8220;Lucrurile importante&#8221;&#8230;","date":"04\/05\/2011","format":false,"excerpt":"\"Stimabilul\" domn Nichita a devenit faimos pentru recunoa\u0219terea franc\u0103 a propriei incapacit\u00e2\u021bi \u00eenc\u0103 din 2008. La acea vreme sus\u021binea c\u0103 el are g\u00e2nduri mari, \u00eens\u0103 are un du\u0219man, timpul... A\u0219a s-a n\u0103scut lozinca neputin\u021bei sale: \"lucrurile importante au nevoie de timp\". Nu ne-a spus \u00eens\u0103 de c\u00e2t timp ar avea\u2026","rel":"","context":"In &quot;Politic\u0103&quot;","img":{"alt_text":"","src":"","width":0,"height":0},"classes":[]},{"id":712,"url":"https:\/\/insemnari.grigore.ro\/?p=712","url_meta":{"origin":1612,"position":4},"title":"q.e.d.","date":"11\/03\/2010","format":false,"excerpt":"A\u0219a cum spuneam, dl. Nichita \u0219i-a f\u0103cut jocul de imagine... N-a ie\u0219it chiar cum a dorit... De fapt, a ie\u0219it chiar destul de prost. A crezut c\u0103 schimbul reciproc de voturi care probabil l-a propulsat la Congresul PSD pe locul de vicepre\u0219edinte se poate repeta \u0219i la acest nivel. Nu\u2026","rel":"","context":"In &quot;Politic\u0103&quot;","img":{"alt_text":"","src":"","width":0,"height":0},"classes":[]},{"id":1003,"url":"https:\/\/insemnari.grigore.ro\/?p=1003","url_meta":{"origin":1612,"position":5},"title":"Grija d-lui Nichita fa\u021b\u0103 de PDL","date":"30\/03\/2011","format":false,"excerpt":"Citesc aici \u0219i sunt impresionat, chiar \u00eenduio\u0219at, c\u0103 pe dl. Nichita \u00eel doare foarte tare faptul c\u0103 PDL nu face o nominalizare pentru postul de viceprimar r\u0103mas vacant \u00een urma demisiei mele. Nu \u0219tiu dac\u0103 doar el sufer\u0103 din cauza acestei decizii sau mai sunt \u0219i al\u021bii, dar a\u0219 comenta\u2026","rel":"","context":"In &quot;Politic\u0103&quot;","img":{"alt_text":"","src":"","width":0,"height":0},"classes":[]}],"jetpack_likes_enabled":true,"_links":{"self":[{"href":"https:\/\/insemnari.grigore.ro\/index.php?rest_route=\/wp\/v2\/posts\/1612"}],"collection":[{"href":"https:\/\/insemnari.grigore.ro\/index.php?rest_route=\/wp\/v2\/posts"}],"about":[{"href":"https:\/\/insemnari.grigore.ro\/index.php?rest_route=\/wp\/v2\/types\/post"}],"author":[{"embeddable":true,"href":"https:\/\/insemnari.grigore.ro\/index.php?rest_route=\/wp\/v2\/users\/1"}],"replies":[{"embeddable":true,"href":"https:\/\/insemnari.grigore.ro\/index.php?rest_route=%2Fwp%2Fv2%2Fcomments&post=1612"}],"version-history":[{"count":0,"href":"https:\/\/insemnari.grigore.ro\/index.php?rest_route=\/wp\/v2\/posts\/1612\/revisions"}],"wp:attachment":[{"href":"https:\/\/insemnari.grigore.ro\/index.php?rest_route=%2Fwp%2Fv2%2Fmedia&parent=1612"}],"wp:term":[{"taxonomy":"category","embeddable":true,"href":"https:\/\/insemnari.grigore.ro\/index.php?rest_route=%2Fwp%2Fv2%2Fcategories&post=1612"},{"taxonomy":"post_tag","embeddable":true,"href":"https:\/\/insemnari.grigore.ro\/index.php?rest_route=%2Fwp%2Fv2%2Ftags&post=1612"}],"curies":[{"name":"wp","href":"https:\/\/api.w.org\/{rel}","templated":true}]}}