{"id":2208,"date":"2012-09-19T10:19:47","date_gmt":"2012-09-19T08:19:47","guid":{"rendered":"http:\/\/jurnal.grigore.ro\/?p=2208"},"modified":"2012-09-19T10:19:47","modified_gmt":"2012-09-19T08:19:47","slug":"in-genunchi","status":"publish","type":"post","link":"https:\/\/insemnari.grigore.ro\/?p=2208","title":{"rendered":"\u00cen genunchi"},"content":{"rendered":"<p>De azi PDL Ia\u0219i este o filial\u0103 \u00een genunchi. \u00cen genunchi \u00een fa\u021ba PSD, \u00een genunchi \u00een fa\u021ba lui Nichita, \u00een genunchi \u00een fa\u021ba USL \u00een general, \u00een genunchi \u00een fa\u021ba celor care au dorit \u0219i au reu\u0219it s\u0103 o aduc\u0103 la falimentul financiar, iar de ast\u0103zi \u0219i la falimentul politic.<\/p>\n<p>Lucrurile nu au mers grozav nici p\u00e2n\u0103 acum, iar o parte din vin\u0103 pentru situa\u021bia prezent\u0103 apar\u021bine \u0219i conducerii ce tocmai a fost \u00eenlocuit\u0103. Le repro\u0219ez celor care au condus p\u00e2n\u0103 acum, compromisul. Compromisul de dragul unei utopice concordii. O concordie \u00een care ar fi trebuit s\u0103 se \u00eempace capra cu varza, ho\u021bul cu cinstitul, tr\u0103d\u0103torul cu lupt\u0103torul, profitorul cu cel care crede sincer. Ori ce n-au \u00een\u021beles sau poate au f\u0103cut-o prea t\u00e2rziu cei de p\u00e2n\u0103 mai ieri a fost c\u0103 un astfel de compromis nu poate \u0219i nu trebuie f\u0103cut.<\/p>\n<p>Niciodat\u0103 \u00eens\u0103 nu i s-ar fi putut repro\u0219a fostei conduceri blatul, nu i s-ar fi putut repro\u0219a lipsa de onestitate, nu i s-ar fi putut repro\u0219a faptul c\u0103 las\u0103 deoparte interesele ie\u0219enilor \u0219i ale membrilor simpli \u0219i cinsti\u021bi din partid de dragul profitului propriei firme sau al mai \u0219tiu eu c\u0103rui grup.<\/p>\n<p>Faptul c\u0103 m-am dat la o parte \u00een ultima vreme (de la alegerile din filial\u0103 de anul trecut) r\u0103m\u00e2n\u00e2nd \u00een postura care m\u0103 onoreaz\u0103 cel mai mult, aceea de simplu membru, a fost tocmai refuzul meu de a face acest gen de compromis.<\/p>\n<p>Ieri s-au ales apele \u00eentr-un fel. De altfel \u00eei spusesem unui important domn din conducerea central\u0103 a partidului c\u0103 lucrurile trebuie tran\u0219ate \u00eentr-un fel sau altul, c\u0103 nu se mai poate continua ca p\u00e2n\u0103 acum. \u0218i m\u0103 bucur c\u0103 nu s-a mers pe o solu\u021bie &#8220;c\u0103ldu\u021b\u0103&#8221;. E &#8220;ori, ori&#8221;.<\/p>\n<p>Cine vine acum \u0219i promite c\u0103 va realiza \u00een filiala Ia\u0219i a PDL concordia de care vorbeam mai sus, minte. Se minte \u0219i pe el, \u00eei minte \u0219i pe membrii filialei \u0219i \u00eei minte \u0219i pe ie\u0219eni. \u00cen cel mai bun caz o poate mima, dar nu cred c\u0103 poate p\u0103c\u0103li pe cineva.<\/p>\n<p>E un moment al adev\u0103rului \u0219i poate c\u0103 e bine c\u0103 e acum, de\u0219i ar fi trebuit ca aceast\u0103 clip\u0103 s\u0103 fi venit mult mai devreme. Ar fi fost mult mai bine, \u00een primul r\u00e2nd pentru ie\u0219eni. Oricum, de ast\u0103zi, cred c\u0103 PDL Ia\u0219i va ob\u021bine la alegeri doar at\u00e2t c\u00e2t i se va permite, doar acolo unde i se va permite \u0219i exact at\u00e2t c\u00e2t s\u0103 se poat\u0103 men\u021bine \u00een filial\u0103 un status quo convenabil celor din USL \u0219i sponsorilor lor.<\/p>\n<p>Oricum, \u00een ce m\u0103 prive\u0219te, de ceva sunt sigur: nici nu voi ceda \u0219i nici nu voi \u00eengenunchea.<\/p>\n","protected":false},"excerpt":{"rendered":"<p>De azi PDL Ia\u0219i este o filial\u0103 \u00een genunchi. \u00cen genunchi \u00een fa\u021ba PSD, \u00een genunchi \u00een fa\u021ba lui Nichita, \u00een genunchi \u00een fa\u021ba USL \u00een general, \u00een genunchi \u00een fa\u021ba celor care au dorit \u0219i au reu\u0219it s\u0103 o aduc\u0103 la falimentul financiar, iar de ast\u0103zi \u0219i la falimentul politic. Lucrurile nu au mers [&hellip;]<\/p>\n","protected":false},"author":1,"featured_media":0,"comment_status":"open","ping_status":"open","sticky":false,"template":"","format":"standard","meta":{"_et_pb_use_builder":"","_et_pb_old_content":"","jetpack_post_was_ever_published":false,"jetpack_publicize_message":"","jetpack_is_tweetstorm":false,"jetpack_publicize_feature_enabled":true,"jetpack_social_post_already_shared":false,"jetpack_social_options":{"image_generator_settings":{"template":"highway","enabled":false}}},"categories":[3],"tags":[56,11],"jetpack_publicize_connections":[],"jetpack_featured_media_url":"","jetpack_sharing_enabled":true,"jetpack_shortlink":"https:\/\/wp.me\/p5QsNR-zC","jetpack-related-posts":[{"id":2280,"url":"https:\/\/insemnari.grigore.ro\/?p=2280","url_meta":{"origin":2208,"position":0},"title":"PDL Ia\u0219i \u00een deriv\u0103","date":"10\/02\/2013","format":false,"excerpt":"Ceea ce s-a instaurat la PDL Ia\u0219i \u00eencep\u00e2nd de ieri nu mai e o conducere, ci o ga\u0219c\u0103\u2026 Eu unul m\u0103 situez, \u0219i anun\u021b asta oficial, \u00een afara acestei adun\u0103(tu)ri de interese care calc\u0103 \u00een picioare statutul, regulamentul \u0219i orice mai poate fi considerat firesc \u00een via\u021ba unei filiale de\u2026","rel":"","context":"In &quot;Politic\u0103&quot;","img":{"alt_text":"","src":"","width":0,"height":0},"classes":[]},{"id":418,"url":"https:\/\/insemnari.grigore.ro\/?p=418","url_meta":{"origin":2208,"position":1},"title":"Evenimentul, sau cum se face pres\u0103 \u00een\/pe genunchi&#8230;","date":"08\/05\/2010","format":false,"excerpt":"Prietenii (\u0219i z\u0103u c\u0103 nu sunt mali\u021bios) de la ziarul Evenimentul de Ia\u0219i \u00eemi fac onoarea de a m\u0103 trata \"rege\u0219te\" pentru a treia zi consecutiv. Sincer, dac\u0103 ar fi fost s\u0103 cump\u0103r reclam\u0103 la ziarul D-lor, cred c\u0103 m\u0103 costa o avere, la c\u00e2\u021bi centimetri p\u0103tra\u021bi \u00eemi acord\u0103... Pot\u2026","rel":"","context":"In &quot;Politic\u0103&quot;","img":{"alt_text":"","src":"https:\/\/i0.wp.com\/jurnal.grigore.ro\/wp-content\/uploads\/2010\/05\/eve_08052010-215x300.jpg?resize=350%2C200","width":350,"height":200},"classes":[]},{"id":504,"url":"https:\/\/insemnari.grigore.ro\/?p=504","url_meta":{"origin":2208,"position":2},"title":"Despre compromisuri \u0219i compromiteri&#8230; &#8211; articolul &#8211;","date":"22\/05\/2010","format":false,"excerpt":"Acest mic articol apare un pic mai t\u00e2rziu dec\u00e2t estimasem ini\u021bial, dar mai bine (cred eu) mai t\u00e2rziu dec\u00e2t deloc. \u00cen ciuda titlului un pic negativ, vreau s\u0103 \u00eencep cu o not\u0103 bun\u0103, de fapt una foarte bun\u0103, not\u0103 care cred c\u0103 trebuie oferit\u0103 D-nei senator Mihaela Popa. Vreau s-o\u2026","rel":"","context":"In &quot;Politic\u0103&quot;","img":{"alt_text":"","src":"","width":0,"height":0},"classes":[]},{"id":881,"url":"https:\/\/insemnari.grigore.ro\/?p=881","url_meta":{"origin":2208,"position":3},"title":"Preciz\u0103ri pentru un &#8220;domni\u0219or&#8221; \u0219i pentru presa interesat\u0103 de acest subiect","date":"26\/03\/2011","format":false,"excerpt":"V\u0103d c\u0103 face mare v\u00e2lv\u0103, frustrarea unui \"domni\u0219or\" ce nu \"s-a ales \u00een coledzi\". D-lui face conferin\u021be de pres\u0103 pe trotuarul din fa\u021ba sediului PSD (nu, n-am gre\u0219it) \u00een care-\u0219i manifest\u0103 sup\u0103rarea pentru faptul c\u0103 n-a c\u0103zut toat\u0103 lumea \u00een genunchi \u00een fa\u021ba lui la o \u0219edin\u021b\u0103. Vreau s\u0103 fac\u2026","rel":"","context":"In &quot;Politic\u0103&quot;","img":{"alt_text":"","src":"","width":0,"height":0},"classes":[]},{"id":580,"url":"https:\/\/insemnari.grigore.ro\/?p=580","url_meta":{"origin":2208,"position":4},"title":"Domnului C\u00e2rlan, cu prietenie","date":"30\/05\/2010","format":false,"excerpt":"Dl. C\u00e2rlan folose\u0219te un pretext simplu, cel al semn\u0103rii peti\u021biei lui C\u0103t\u0103lin Toma cu un nume fals asumat, pentru a-\u0219i manifesta pentru prima dat\u0103 pozi\u021bia fa\u021b\u0103 de numirea \u00een CODA de la PDL Ia\u0219i a unor nume ce nu au ce c\u0103uta acolo. E p\u0103rerea mea \u0219i mi-o men\u021bin indiferent\u2026","rel":"","context":"In &quot;Politic\u0103&quot;","img":{"alt_text":"","src":"","width":0,"height":0},"classes":[]},{"id":3749,"url":"https:\/\/insemnari.grigore.ro\/?p=3749","url_meta":{"origin":2208,"position":5},"title":"Dup\u0103 alegeri&#8230;","date":"08\/06\/2016","format":false,"excerpt":"Au trecut \u0219i localele din 2016... C\u00e2teva concluzii, dar mai \u00eent\u00e2i de toate, cifrele: num\u0103rul absolut de voturi de pe teritoriul municipiului Ia\u0219i (am lucrat cu\u00a0datele provizorii de la BEC din seara zilei de 7 iunie) Iar acum observa\u021biile: Lehamitea generalizat\u0103 a aleg\u0103torilor, v\u0103 spun sincer, inclusiv a mea, iar\u2026","rel":"","context":"In &quot;Politic\u0103&quot;","img":{"alt_text":"","src":"","width":0,"height":0},"classes":[]}],"jetpack_likes_enabled":true,"_links":{"self":[{"href":"https:\/\/insemnari.grigore.ro\/index.php?rest_route=\/wp\/v2\/posts\/2208"}],"collection":[{"href":"https:\/\/insemnari.grigore.ro\/index.php?rest_route=\/wp\/v2\/posts"}],"about":[{"href":"https:\/\/insemnari.grigore.ro\/index.php?rest_route=\/wp\/v2\/types\/post"}],"author":[{"embeddable":true,"href":"https:\/\/insemnari.grigore.ro\/index.php?rest_route=\/wp\/v2\/users\/1"}],"replies":[{"embeddable":true,"href":"https:\/\/insemnari.grigore.ro\/index.php?rest_route=%2Fwp%2Fv2%2Fcomments&post=2208"}],"version-history":[{"count":0,"href":"https:\/\/insemnari.grigore.ro\/index.php?rest_route=\/wp\/v2\/posts\/2208\/revisions"}],"wp:attachment":[{"href":"https:\/\/insemnari.grigore.ro\/index.php?rest_route=%2Fwp%2Fv2%2Fmedia&parent=2208"}],"wp:term":[{"taxonomy":"category","embeddable":true,"href":"https:\/\/insemnari.grigore.ro\/index.php?rest_route=%2Fwp%2Fv2%2Fcategories&post=2208"},{"taxonomy":"post_tag","embeddable":true,"href":"https:\/\/insemnari.grigore.ro\/index.php?rest_route=%2Fwp%2Fv2%2Ftags&post=2208"}],"curies":[{"name":"wp","href":"https:\/\/api.w.org\/{rel}","templated":true}]}}