{"id":2247,"date":"2012-11-29T15:16:14","date_gmt":"2012-11-29T13:16:14","guid":{"rendered":"http:\/\/jurnal.grigore.ro\/?p=2247"},"modified":"2012-11-29T15:16:14","modified_gmt":"2012-11-29T13:16:14","slug":"campanie-stil-nichita","status":"publish","type":"post","link":"https:\/\/insemnari.grigore.ro\/?p=2247","title":{"rendered":"Campanie stil Nichita&#8230;"},"content":{"rendered":"<p>[nggallery id=4]V\u0103 citez doar prevederile Hot\u0103r\u00e2rii Consilului Local al Municipiului Ia\u0219i nr. 73\/2010 privind &#8220;privind aprobarea modelului de contract pentru utilizarea temporar\u0103 a locurilor publice pentru amplasare module carte-pres\u0103&#8221;:<\/p>\n<blockquote><p>- un panou de publicitate al modulului va fi utilizat \u00een mod gratuit de c\u0103tre municipalitate pentru promovarea obiectivelor turistice ale ora\u0219ului, pentru afi\u0219area informa\u021biilor de interes public (harta transportului in comun, harta Municipiului Ia\u0219i, etc.) sau pentru promovarea evenimentelor speciale ale Municipiului Ia\u0219i;<br \/>\n- pe celelalte panouri ale modulului, beneficiarul va putea face publicitate <strong>numai<\/strong> la produsul v\u00e2ndut (carte-pres\u0103) \u0219i\/sau produse complementare (cu excep\u021bia tutunului \u0219i b\u0103uturilor). \u00cen cazul \u00een care beneficiarul dore\u0219te s\u0103-\u0219i extind\u0103 domeniul de publicitate va fi obligat s\u0103 respecte prevederile H.C.L. 403\/2007 \u0219i H.C.L. 609\/2003 cu modific\u0103rile \u0219i complet\u0103rile ulterioare.<\/p><\/blockquote>\n<p>\u0218i de asemeni, articolul imediat urm\u0103tor:<\/p>\n<blockquote><p>Art.10 Pentru neexecutarea sau executarea necorespunz\u0103toare a obliga\u021biilor contractuale p\u0103r\u021bile datoreaz\u0103 daune interese.<\/p><\/blockquote>\n<p>V\u0103 las acum s\u0103 ghici\u021bi cum va aplica legea (fiindc\u0103 \u0219i hot\u0103r\u00e2rile Consilului Local au caracter de obligativitate) domnul Nichita, prezent pe una din fe\u021bele acestui chio\u0219c (el fiind cel la ini\u021biativa c\u0103ruia s-a elaborat acest contract, de altfel) \u0219i care v\u0103 \u00eembie s\u0103-i vota\u021bi super-candidatul de care nu a auzit nimeni&#8230; Recunosc \u00eens\u0103 c\u0103 eu am auzit de dl. Emacu de pe vremea c\u00e2nd acela\u0219i domn Nichita, care acum \u00eel promoveaz\u0103, \u00eel \u00eenjura sincer, ap\u0103sat \u0219i foarte social-democrat pe dl. Emacu, laolalt\u0103 cu tot Guvernul din care acesta f\u0103cea parte la acea vreme&#8230; \ud83d\ude42<\/p>\n","protected":false},"excerpt":{"rendered":"<p>[nggallery id=4]V\u0103 citez doar prevederile Hot\u0103r\u00e2rii Consilului Local al Municipiului Ia\u0219i nr. 73\/2010 privind &#8220;privind aprobarea modelului de contract pentru utilizarea temporar\u0103 a locurilor publice pentru amplasare module carte-pres\u0103&#8221;: &#8211; un panou de publicitate al modulului va fi utilizat \u00een mod gratuit de c\u0103tre municipalitate pentru promovarea obiectivelor turistice ale ora\u0219ului, pentru afi\u0219area informa\u021biilor de [&hellip;]<\/p>\n","protected":false},"author":1,"featured_media":0,"comment_status":"open","ping_status":"open","sticky":false,"template":"","format":"standard","meta":{"_et_pb_use_builder":"","_et_pb_old_content":"","jetpack_post_was_ever_published":false,"jetpack_publicize_message":"","jetpack_is_tweetstorm":false,"jetpack_publicize_feature_enabled":true,"jetpack_social_post_already_shared":false,"jetpack_social_options":{"image_generator_settings":{"template":"highway","enabled":false}}},"categories":[3],"tags":[10,90],"jetpack_publicize_connections":[],"jetpack_featured_media_url":"","jetpack_sharing_enabled":true,"jetpack_shortlink":"https:\/\/wp.me\/p5QsNR-Af","jetpack-related-posts":[{"id":711,"url":"https:\/\/insemnari.grigore.ro\/?p=711","url_meta":{"origin":2247,"position":0},"title":"Scrisoare deschis\u0103 c\u0103tre ie\u0219eni","date":"14\/02\/2010","format":false,"excerpt":"Am aflat cu surprindere de demersul efectuat de dl. Gheorghe Nichita, prin intermediul unei scrisori deschise, \u0219i anume de reclama\u021bia f\u0103cut\u0103 de d-sa primului ministru la adresa consilierilor locali PD-L care au avut \u201c\u00eendr\u0103zneala\u201d de a se fi ab\u021binut la votarea unui proiect viz\u00e2nd construc\u021bia unei autog\u0103ri \u00een municipiul Ia\u0219i.Surprinderea\u2026","rel":"","context":"In &quot;Politic\u0103&quot;","img":{"alt_text":"","src":"","width":0,"height":0},"classes":[]},{"id":407,"url":"https:\/\/insemnari.grigore.ro\/?p=407","url_meta":{"origin":2247,"position":1},"title":"De prin Consiliu adunate&#8230;","date":"07\/05\/2010","format":false,"excerpt":"Plec ast\u0103zi de la cererea unui cititor al blogului meu de a prezenta cet\u0103\u021benilor forma \u00een care este \u00eenaintat consilierilor un proiect de hot\u0103r\u00e2re a Consiliului Local Ia\u0219i. Ei bine, dragi ie\u0219eni, c\u00e2nd auzi\u021bi sau citi\u021bi prin pres\u0103 despre \"circul\" sau \"scandalul\" din Consiliul Local al Municipiului ia\u0219i (CLM) asupra\u2026","rel":"","context":"In &quot;Politic\u0103&quot;","img":{"alt_text":"","src":"https:\/\/i0.wp.com\/blog.grigore.ro\/wp-content\/uploads\/2010\/05\/indicatori-tehnico-economici-220x300.png?resize=350%2C200","width":350,"height":200},"classes":[]},{"id":1876,"url":"https:\/\/insemnari.grigore.ro\/?p=1876","url_meta":{"origin":2247,"position":2},"title":"Patrimoniul, \u00een folosul cui?&#8230;","date":"20\/02\/2012","format":false,"excerpt":"E an electoral. \u0218i ca de obicei, Gh. Nichita va \u00eencepe cu pomenile de sezon. Urmeaz\u0103, fi\u021bi f\u0103r\u0103 nicio grij\u0103, o lung\u0103 list\u0103 de reduceri, subven\u021bii, ajutoare, stimulente, premii \u0219i alte metode de colectat voturi prin abuzarea banului public. Una din metodele prin care se acord\u0103 aceste pomeni (sau prin\u2026","rel":"","context":"In &quot;Politic\u0103&quot;","img":{"alt_text":"","src":"","width":0,"height":0},"classes":[]},{"id":343,"url":"https:\/\/insemnari.grigore.ro\/?p=343","url_meta":{"origin":2247,"position":3},"title":"Ipocrizie m\u0103runt\u0103, marca Nichita","date":"01\/05\/2010","format":false,"excerpt":"Dl. Nichita \u0219i sf\u0103tuitorii (plus distribuitorii) d-sale \u00een ce prive\u0219te reac\u021biile pentru pres\u0103 \u0219i public au dat un mesaj de total\u0103 indignare proletar\u0103 ieri, acuz\u00e2ndu-ne pe noi, consilierii PDL, c\u0103 am \"sabotat\", ce altceva dec\u00e2t bine\u00een\u021beles, marota pre\u0219edintelui PSD de Bahlui (\u0219i Jijia), adic\u0103 \"proiectele Ia\u0219ului\". Citez: \"din cauza nep\u0103s\u0103rii\u2026","rel":"","context":"In &quot;Politic\u0103&quot;","img":{"alt_text":"","src":"","width":0,"height":0},"classes":[]},{"id":1292,"url":"https:\/\/insemnari.grigore.ro\/?p=1292","url_meta":{"origin":2247,"position":4},"title":"Despre candidatura mea la pre\u0219edin\u021bia PDL Ia\u0219i","date":"19\/09\/2011","format":false,"excerpt":"Fiindc\u0103 au ap\u0103rut \u00een pres\u0103 sau \u00een media on-line destule specula\u021bii legate de candidatura mea la pre\u0219edin\u021bia filialei jude\u021bene Ia\u0219i a PDL, vreau s\u0103 fac unele remarci: - decizia a fost luat\u0103 pe ultima sut\u0103 de metri, dar a fost \u00een \u00eentregime op\u021biunea mea; am considerat c\u0103 profilul meu, oferta\u2026","rel":"","context":"In &quot;Politic\u0103&quot;","img":{"alt_text":"","src":"","width":0,"height":0},"classes":[]},{"id":1250,"url":"https:\/\/insemnari.grigore.ro\/?p=1250","url_meta":{"origin":2247,"position":5},"title":"10 cereri nesim\u021bite","date":"13\/07\/2011","format":false,"excerpt":"De fiecare dat\u0103 c\u00e2nd m\u0103 g\u00e2ndesc c\u0103 dl. Nichita \u0219i-a epuizat resursele de imagina\u021bie \u00een a \u00eencerca a ne lua de pro\u0219ti pe noi cet\u0103\u021benii, fiindc\u0103 \u00een aceast\u0103 calitate scriu aici, mai apare c\u00e2te o gogoa\u0219\u0103 \"emanat\u0103\" de d-sa. Ultima g\u0103selni\u021b\u0103 nichitist\u0103 \u00een materie de \"durea-m-ar pe mine de popula\u021bie,\u2026","rel":"","context":"In &quot;Politic\u0103&quot;","img":{"alt_text":"","src":"","width":0,"height":0},"classes":[]}],"jetpack_likes_enabled":true,"_links":{"self":[{"href":"https:\/\/insemnari.grigore.ro\/index.php?rest_route=\/wp\/v2\/posts\/2247"}],"collection":[{"href":"https:\/\/insemnari.grigore.ro\/index.php?rest_route=\/wp\/v2\/posts"}],"about":[{"href":"https:\/\/insemnari.grigore.ro\/index.php?rest_route=\/wp\/v2\/types\/post"}],"author":[{"embeddable":true,"href":"https:\/\/insemnari.grigore.ro\/index.php?rest_route=\/wp\/v2\/users\/1"}],"replies":[{"embeddable":true,"href":"https:\/\/insemnari.grigore.ro\/index.php?rest_route=%2Fwp%2Fv2%2Fcomments&post=2247"}],"version-history":[{"count":0,"href":"https:\/\/insemnari.grigore.ro\/index.php?rest_route=\/wp\/v2\/posts\/2247\/revisions"}],"wp:attachment":[{"href":"https:\/\/insemnari.grigore.ro\/index.php?rest_route=%2Fwp%2Fv2%2Fmedia&parent=2247"}],"wp:term":[{"taxonomy":"category","embeddable":true,"href":"https:\/\/insemnari.grigore.ro\/index.php?rest_route=%2Fwp%2Fv2%2Fcategories&post=2247"},{"taxonomy":"post_tag","embeddable":true,"href":"https:\/\/insemnari.grigore.ro\/index.php?rest_route=%2Fwp%2Fv2%2Ftags&post=2247"}],"curies":[{"name":"wp","href":"https:\/\/api.w.org\/{rel}","templated":true}]}}