{"id":2325,"date":"2013-08-20T19:59:09","date_gmt":"2013-08-20T17:59:09","guid":{"rendered":"http:\/\/jurnal.grigore.ro\/?p=2325"},"modified":"2015-03-05T15:03:50","modified_gmt":"2015-03-05T13:03:50","slug":"inca-o-amintire","status":"publish","type":"post","link":"https:\/\/insemnari.grigore.ro\/?p=2325","title":{"rendered":"\u00cenc\u0103 o amintire&#8230;"},"content":{"rendered":"<p><strong>Universitatea Craiova<\/strong> \u2013 A.C.Fiorentina <strong>3<\/strong>-1 (0-1) vs.\u00a0A.C.Fiorentina \u2013 <strong>Universitatea Craiova<\/strong> 1-0 (1-0)<br \/>\nShamrock Rovers Dublin \u2013 <strong>Universitatea Craiova<\/strong> 0-<strong>2<\/strong> (0-1) vs.\u00a0<strong>Universitatea Craiova<\/strong> \u2013 Shamrock Rovers Dublin <strong>3<\/strong>-0 (1-0)<br \/>\nGirondins Bordeaux \u2013 <strong>Universitatea Craiova<\/strong> 1-0 (0-0) vs.\u00a0<strong>Universitatea Craiova<\/strong> \u2013 Girondins Bordeaux <strong>2<\/strong>-0 (1-0; 1-0)<br \/>\n1F.C.Kaiserslautern \u2013 <strong>Universitatea Craiova<\/strong> 3-<strong>2<\/strong> (2-0) vs.\u00a0<strong>Universitatea Craiova<\/strong> \u2013 1F.C.Kaiserslautern <strong>1<\/strong>-0 (0-0)<br \/>\nBenfica Lisabona \u2013 <strong>Universitatea Craiova<\/strong> 0-<strong>0<\/strong> (0-0) vs.\u00a0<strong>Universitatea Craiova<\/strong> \u2013 Benfica Lisabona <strong>1<\/strong>-1 (1-0)<\/p>\n<p>&#8220;<em><strong>Lung, Negril\u0103, Tilihoi, \u0218tef\u0103nescu, Ungureanu, \u021aicleanu, Balaci, Donose, Beldeanu, Cri\u0219an, C\u0103m\u0103taru<\/strong><\/em>&#8221; - poate pentru unii aceste \u00een\u0219iruiri de cifre \u0219i nume sunt doar obsesiile unui microbist. Pentru mine \u00eens\u0103, ele sunt clipe de neuitat, sunt dup\u0103-amiezele furate, nu de pu\u021bine ori de la \u0219coal\u0103,\u00a0imaginile a\u0219teptate \u0219i vizionate cu religiozitate, pu\u0219ti fiind, \u00een fa\u021ba ecranului alb-negru al vreunui &#8220;Venus&#8221;, dar \u0219i vraja exercitat\u0103 de vocea inconfundabil\u0103 a lui Cristian \u021aopescu.<\/p>\n<p>Unul din cei mai mode\u0219ti, mai serio\u0219i \u0219i mai muncitori dintre cei aminti\u021bi mai sus era\u00a0<strong>Costic\u0103 \u0218tef\u0103nescu<\/strong>, stopperul perfect, cel de care nu trecea dec\u00e2t ori omul, ori mingea. Era c\u0103pitanul Craiovei, era c\u0103pitanul Rom\u00e2niei. \u0218i era de nedep\u0103\u0219it&#8230;<\/p>\n<p>Odihne\u0219te-te \u00een pace, Costic\u0103 \u0218tef\u0103nescu (s\u0103 \u0219tii c\u0103 \u00eenc\u0103 mai p\u0103strez paginile &#8220;Sportului&#8221; \u00een care erai desemnat juc\u0103torul anului \u00eentr-o Rom\u00e2nie at\u00e2t de cenu\u0219ie atunci)! \u0218i mul\u021bumesc pentru toate clipele minunate (de microbist \u0219i de rom\u00e2n) pe care mi (ni) le-ai oferit!<\/p>\n","protected":false},"excerpt":{"rendered":"<p>Universitatea Craiova \u2013 A.C.Fiorentina 3-1 (0-1) vs.\u00a0A.C.Fiorentina \u2013 Universitatea Craiova 1-0 (1-0) Shamrock Rovers Dublin \u2013 Universitatea Craiova 0-2 (0-1) vs.\u00a0Universitatea Craiova \u2013 Shamrock Rovers Dublin 3-0 (1-0) Girondins Bordeaux \u2013 Universitatea Craiova 1-0 (0-0) vs.\u00a0Universitatea Craiova \u2013 Girondins Bordeaux 2-0 (1-0; 1-0) 1F.C.Kaiserslautern \u2013 Universitatea Craiova 3-2 (2-0) vs.\u00a0Universitatea Craiova \u2013 1F.C.Kaiserslautern 1-0 (0-0) [&hellip;]<\/p>\n","protected":false},"author":1,"featured_media":0,"comment_status":"open","ping_status":"open","sticky":false,"template":"","format":"standard","meta":{"_et_pb_use_builder":"","_et_pb_old_content":"","jetpack_post_was_ever_published":false,"jetpack_publicize_message":"","jetpack_is_tweetstorm":false,"jetpack_publicize_feature_enabled":true,"jetpack_social_post_already_shared":false,"jetpack_social_options":{"image_generator_settings":{"template":"highway","enabled":false}}},"categories":[4],"tags":[112],"jetpack_publicize_connections":[],"jetpack_featured_media_url":"","jetpack_sharing_enabled":true,"jetpack_shortlink":"https:\/\/wp.me\/p5QsNR-Bv","jetpack-related-posts":[{"id":1261,"url":"https:\/\/insemnari.grigore.ro\/?p=1261","url_meta":{"origin":2325,"position":0},"title":"Din nou student&#8230; :)","date":"14\/09\/2011","format":false,"excerpt":"Ieri am postat pe Facebook (un mediu care \u00eemi place foarte mult, recunosc) anun\u021bul c\u0103 voi fi din nou student. R\u0103spunsul a fost unul care mi-a confirmat c\u0103 pe facebook (fb, cum \u00eei spun \"ini\u021bia\u021bii\") ai \u00eentr-adev\u0103r prieteni. Adev\u0103ra\u021bi, nu virtuali. O mul\u021bime de mesaje de sprijin, de \u00eencurajare, de\u2026","rel":"","context":"In &quot;Diverse&quot;","img":{"alt_text":"","src":"","width":0,"height":0},"classes":[]},{"id":1702,"url":"https:\/\/insemnari.grigore.ro\/?p=1702","url_meta":{"origin":2325,"position":1},"title":"Proiecte mari, realiz\u0103ri mici","date":"05\/01\/2012","format":false,"excerpt":"Am v\u0103zut pe youtube (dup\u0103 un link din media online ie\u0219ean\u0103) un filmule\u021b care prezint\u0103 viitorul pasaj de la Funda\u021bie. Un proiect bun \u0219i absolut necesar. Nu pot \u00eens\u0103 s\u0103 nu-mi aduc aminte de campania electoral\u0103 de la localele din 2008 c\u00e2nd dl. Oprea propunea exact acest proiect din partea\u2026","rel":"","context":"In &quot;Politic\u0103&quot;","img":{"alt_text":"","src":"https:\/\/i0.wp.com\/jurnal.grigore.ro\/wp-content\/uploads\/2012\/01\/bcu.01-270x360.jpg?resize=350%2C200","width":350,"height":200},"classes":[]},{"id":3413,"url":"https:\/\/insemnari.grigore.ro\/?p=3413","url_meta":{"origin":2325,"position":2},"title":"Lumea dup\u0103 Udrea","date":"12\/02\/2015","format":false,"excerpt":"C\u0103 tot ziceam \u00een postarea mea precedent\u0103 c\u0103 se va uita repede tragedia terorist\u0103 de la Paris\u00a0(\u0219i am avut dreptate, de\u0219i nu mai aveai loc de c\u00e2\u021bi erau Charlie acum mai pu\u021bin de o lun\u0103), iat\u0103 c\u0103 avem un nou subiect na\u021bional: madame Udrea (sau Doamna, cum \u00eei mai spuneau,\u2026","rel":"","context":"In &quot;Politic\u0103&quot;","img":{"alt_text":"","src":"","width":0,"height":0},"classes":[]},{"id":189,"url":"https:\/\/insemnari.grigore.ro\/?p=189","url_meta":{"origin":2325,"position":3},"title":"S\u0103pt\u0103m\u00e2n\u0103 \u00eenc\u0103rcat\u0103 pentru microbi\u0219ti","date":"29\/03\/2010","format":false,"excerpt":"Tocmai mi-am amintit rev\u0103z\u00e2nd un meci senza\u021bional din week-end, Chelsea vs. Aston Villa (7-1), c\u0103 \u00een aceast\u0103 s\u0103pt\u0103m\u00e2n\u0103, noi microbi\u0219tii avem un program \"\u00eenc\u0103rcat\": mai \u00eent\u00e2i, mar\u021bi, 2 sferturi de final\u0103 UCL, unul francez Lyon - Bordeaux \u0219i unul anglo-saxon-bavarez Bayern M\u00fcnchen - Manchester United, apoi miercuri, tot de la\u2026","rel":"","context":"In &quot;Sport&quot;","img":{"alt_text":"","src":"https:\/\/i0.wp.com\/blog.grigore.ro\/wp-content\/uploads\/2010\/03\/cupa_campionilor-236x300.jpg?resize=350%2C200","width":350,"height":200},"classes":[]},{"id":250,"url":"https:\/\/insemnari.grigore.ro\/?p=250","url_meta":{"origin":2325,"position":4},"title":"Rooney or not Rooney?&#8230; Not Manchester United!","date":"07\/04\/2010","format":false,"excerpt":"Intr\u0103 sau nu Rooney? Aceasta e acum \u00eentrebarea tuturor celor interesa\u021bi de acest ManU - Bayern... \u00cen seara aceasta, un nou meci care sper s\u0103 fie m\u0103car la fel de frumos precum cel de asear\u0103 (Barcelona - Arsenal): Manchester United - Bayern M\u00fcnchen. Manchester, cu orgoliul r\u0103nit dup\u0103 \u00eenfr\u00e2ngerea din\u2026","rel":"","context":"In &quot;Sport&quot;","img":{"alt_text":"","src":"","width":0,"height":0},"classes":[]},{"id":88,"url":"https:\/\/insemnari.grigore.ro\/?p=88","url_meta":{"origin":2325,"position":5},"title":"Revenire dup\u0103 o lung\u0103 pauz\u0103","date":"21\/05\/2008","format":false,"excerpt":"A \u00eenceput campania! De fapt, se apropie de ultima turnant\u0103, de\u0219i mai sunt \u00eenc\u0103 9 zile lungi de tot, fiecare ad\u0103ug\u00e2nd c\u00e2te ceva la economia asta ciudat\u0103 care are bilan\u021bul la sfar\u0219itul zilei de vot...Ce am v\u0103zut pana acum: un Adomni\u021bei relaxat, ca orice candidat care \u0219tie c\u0103 nu are\u2026","rel":"","context":"In &quot;Politic\u0103&quot;","img":{"alt_text":"","src":"","width":0,"height":0},"classes":[]}],"jetpack_likes_enabled":true,"_links":{"self":[{"href":"https:\/\/insemnari.grigore.ro\/index.php?rest_route=\/wp\/v2\/posts\/2325"}],"collection":[{"href":"https:\/\/insemnari.grigore.ro\/index.php?rest_route=\/wp\/v2\/posts"}],"about":[{"href":"https:\/\/insemnari.grigore.ro\/index.php?rest_route=\/wp\/v2\/types\/post"}],"author":[{"embeddable":true,"href":"https:\/\/insemnari.grigore.ro\/index.php?rest_route=\/wp\/v2\/users\/1"}],"replies":[{"embeddable":true,"href":"https:\/\/insemnari.grigore.ro\/index.php?rest_route=%2Fwp%2Fv2%2Fcomments&post=2325"}],"version-history":[{"count":1,"href":"https:\/\/insemnari.grigore.ro\/index.php?rest_route=\/wp\/v2\/posts\/2325\/revisions"}],"predecessor-version":[{"id":3498,"href":"https:\/\/insemnari.grigore.ro\/index.php?rest_route=\/wp\/v2\/posts\/2325\/revisions\/3498"}],"wp:attachment":[{"href":"https:\/\/insemnari.grigore.ro\/index.php?rest_route=%2Fwp%2Fv2%2Fmedia&parent=2325"}],"wp:term":[{"taxonomy":"category","embeddable":true,"href":"https:\/\/insemnari.grigore.ro\/index.php?rest_route=%2Fwp%2Fv2%2Fcategories&post=2325"},{"taxonomy":"post_tag","embeddable":true,"href":"https:\/\/insemnari.grigore.ro\/index.php?rest_route=%2Fwp%2Fv2%2Ftags&post=2325"}],"curies":[{"name":"wp","href":"https:\/\/api.w.org\/{rel}","templated":true}]}}