{"id":3429,"date":"2015-03-02T17:01:02","date_gmt":"2015-03-02T15:01:02","guid":{"rendered":"http:\/\/jurnal.grigore.ro\/?p=3429"},"modified":"2015-03-02T17:01:02","modified_gmt":"2015-03-02T15:01:02","slug":"cum-scriu-prostii-o-lege","status":"publish","type":"post","link":"https:\/\/insemnari.grigore.ro\/?p=3429","title":{"rendered":"Cum s\u0103 scrii prost o lege&#8230;"},"content":{"rendered":"<blockquote><p><em>\u00cen cazul \u00een care operatorii economici (&#8230;) refuz\u0103 emiterea \u0219i \u00eenm\u00e2narea bonului fiscal clientului (&#8230;) acesta din urm\u0103 are dreptul de a beneficia de bunul achizi\u021bionat sau de serviciul prestat f\u0103r\u0103 plata contravalorii acestuia<\/em>.&#8221;<\/p><\/blockquote>\n<p>Am citat din de-acum\u00a0faimoasa\u00a0<a title=\"OG 10\/2015\" href=\"http:\/\/lege5.ro\/Gratuit\/guzdqobqgq\/ordonanta-nr-10-2015-pentru-organizarea-loteriei-bonurilor-fiscale\">Ordonan\u021b\u0103 nr. 10\/2015<\/a>. Poate p\u0103rea o fraz\u0103 de bun-sim\u021b, nu-i a\u0219a? Dar dac\u0103 privim pu\u021bin dincolo de ea? Ce vor \u00een\u021belege diferi\u021bii cet\u0103\u021beni din ea? P\u0103i s\u0103 vedem:<\/p>\n<p>- cet\u0103\u021beanul ho\u021b va \u00een\u021belege c\u0103 de-acum are o scuz\u0103: n-a furat, ci nu a primit bon, deci nu avea de ce pl\u0103ti;<\/p>\n<p>- cet\u0103\u021beanul \u021b\u0103ran care ia de la magazinul din sat pe datorie va \u00een\u021belege c\u0103 nu mai poate pl\u0103ti c\u00e2nd prime\u0219te ajutoarele sau pensia, cum f\u0103cea de obicei;<\/p>\n<p>- cet\u0103\u021beanul patron de magazin de la \u021bar\u0103 sau de mic magazin de la ora\u0219 nu va mai da marfa cu plata la sf\u00e2r\u0219itul lunii sau la salariu fiindc\u0103 \u00eei va fi team\u0103 c\u0103 d\u0103 marfa pe gratis, dac\u0103 nea&#8217; Ion vine un pic cu cheful pus \u00eentr-o zi \u0219i-i spune c\u0103 nu pl\u0103te\u0219te nimic fiindc\u0103 n-a primit bon c\u00e2nd a luat marfa.<\/p>\n<p>Altfel, ce mai tot vorbim noi de drept de proprietate? N-ai pl\u0103tit? Nu-i nimic, marfa e a ta, fiindc\u0103 nu ai primit bon!<\/p>\n<p>Nu i-am suspectat niciodat\u0103 pe guvernan\u021bii no\u0219tri de prea mult\u0103 inteligen\u021b\u0103 (ba pe unii, la un moment dat, da, dar recunosc c\u0103 m-am \u00een\u0219elat) \u00eens\u0103 gogom\u0103niile de genul \u0103sta m\u0103 sidereaz\u0103 de fiecare dat\u0103. Adic\u0103 \u00een loc s\u0103 comba\u021bi marea evaziune fiscal\u0103 (cea cu produse accizabile, legume, fructe, flori, cereale) \u0219i pierderile de la regiile de stat, care \u0219tii c\u0103 produc fiecare pierderi de sute \u0219i sute de milioane de \u20ac anual, tu, prim-ministru, la sugestia altui mare creier, ministrul de finan\u021be, te iei de n\u0219te am\u0103r\u00e2\u021bi care-\u0219i iau de-ale gurii pe datorie \u0219i le dai fr\u00e2u liber ho\u021bilor s\u0103 le r\u00e2d\u0103 poli\u021bi\u0219tilor \u00een nas.<\/p>\n<p>Dar s\u0103 sper\u0103m c\u0103 \u021bara va reu\u0219i \u0219i de aceast\u0103 dat\u0103 s\u0103 supravie\u021buiasc\u0103 incompeten\u021bei celor ce o (ne) conduc&#8230;<\/p>\n","protected":false},"excerpt":{"rendered":"<p>\u00cen cazul \u00een care operatorii economici (&#8230;) refuz\u0103 emiterea \u0219i \u00eenm\u00e2narea bonului fiscal clientului (&#8230;) acesta din urm\u0103 are dreptul de a beneficia de bunul achizi\u021bionat sau de serviciul prestat f\u0103r\u0103 plata contravalorii acestuia.&#8221; Am citat din de-acum\u00a0faimoasa\u00a0Ordonan\u021b\u0103 nr. 10\/2015. Poate p\u0103rea o fraz\u0103 de bun-sim\u021b, nu-i a\u0219a? Dar dac\u0103 privim pu\u021bin dincolo de ea? [&hellip;]<\/p>\n","protected":false},"author":1,"featured_media":0,"comment_status":"open","ping_status":"open","sticky":false,"template":"","format":"standard","meta":{"_et_pb_use_builder":"","_et_pb_old_content":"","jetpack_post_was_ever_published":false,"jetpack_publicize_message":"","jetpack_is_tweetstorm":false,"jetpack_publicize_feature_enabled":true,"jetpack_social_post_already_shared":true,"jetpack_social_options":{"image_generator_settings":{"template":"highway","enabled":false}}},"categories":[3],"tags":[],"jetpack_publicize_connections":[],"jetpack_featured_media_url":"","jetpack_sharing_enabled":true,"jetpack_shortlink":"https:\/\/wp.me\/p5QsNR-Tj","jetpack-related-posts":[{"id":714,"url":"https:\/\/insemnari.grigore.ro\/?p=714","url_meta":{"origin":3429,"position":0},"title":"Despre Metro, numai de bine&#8230;","date":"14\/03\/2010","format":false,"excerpt":"Am revizitat ieri primul hipermarket deschis la Ia\u0219i, mai precis, acum aproape 9 ani (22 Martie 2001), a\u0219a cum scrie chiar pe site-ul firmei. Nu mai fusesem de ceva timp pe acolo. De fapt, la un moment dat am \u0219i fost sunat, mai \u00eent\u00e2i s\u0103 mi se comunice c\u0103 au\u2026","rel":"","context":"In &quot;Diverse&quot;","img":{"alt_text":"","src":"","width":0,"height":0},"classes":[]},{"id":1213,"url":"https:\/\/insemnari.grigore.ro\/?p=1213","url_meta":{"origin":3429,"position":1},"title":"&#8220;Lucrurile importante&#8221;&#8230;","date":"04\/05\/2011","format":false,"excerpt":"\"Stimabilul\" domn Nichita a devenit faimos pentru recunoa\u0219terea franc\u0103 a propriei incapacit\u00e2\u021bi \u00eenc\u0103 din 2008. La acea vreme sus\u021binea c\u0103 el are g\u00e2nduri mari, \u00eens\u0103 are un du\u0219man, timpul... A\u0219a s-a n\u0103scut lozinca neputin\u021bei sale: \"lucrurile importante au nevoie de timp\". Nu ne-a spus \u00eens\u0103 de c\u00e2t timp ar avea\u2026","rel":"","context":"In &quot;Politic\u0103&quot;","img":{"alt_text":"","src":"","width":0,"height":0},"classes":[]},{"id":1250,"url":"https:\/\/insemnari.grigore.ro\/?p=1250","url_meta":{"origin":3429,"position":2},"title":"10 cereri nesim\u021bite","date":"13\/07\/2011","format":false,"excerpt":"De fiecare dat\u0103 c\u00e2nd m\u0103 g\u00e2ndesc c\u0103 dl. Nichita \u0219i-a epuizat resursele de imagina\u021bie \u00een a \u00eencerca a ne lua de pro\u0219ti pe noi cet\u0103\u021benii, fiindc\u0103 \u00een aceast\u0103 calitate scriu aici, mai apare c\u00e2te o gogoa\u0219\u0103 \"emanat\u0103\" de d-sa. Ultima g\u0103selni\u021b\u0103 nichitist\u0103 \u00een materie de \"durea-m-ar pe mine de popula\u021bie,\u2026","rel":"","context":"In &quot;Politic\u0103&quot;","img":{"alt_text":"","src":"","width":0,"height":0},"classes":[]},{"id":702,"url":"https:\/\/insemnari.grigore.ro\/?p=702","url_meta":{"origin":3429,"position":3},"title":"Despre PLD&#8230;","date":"14\/02\/2008","format":false,"excerpt":"Acum, fiindc\u0103 proiectul PLD a r\u0103mas undeva \u00een urm\u0103, cred c\u0103 am c\u0103derea de a povesti, ca unul implicat direct \u00een acest \"fenomen\" (\u0219i nu gre\u0219esc c\u00e2tu\u0219i de pu\u021bin numindu-l a\u0219a) c\u00e2te ceva din inside-urile lui... Ce a fost pentru mine PLD? A fost poate cea mai frumoas\u0103 \"aventur\u0103\" (\u00een\u2026","rel":"","context":"In &quot;Politic\u0103&quot;","img":{"alt_text":"","src":"","width":0,"height":0},"classes":[]},{"id":504,"url":"https:\/\/insemnari.grigore.ro\/?p=504","url_meta":{"origin":3429,"position":4},"title":"Despre compromisuri \u0219i compromiteri&#8230; &#8211; articolul &#8211;","date":"22\/05\/2010","format":false,"excerpt":"Acest mic articol apare un pic mai t\u00e2rziu dec\u00e2t estimasem ini\u021bial, dar mai bine (cred eu) mai t\u00e2rziu dec\u00e2t deloc. \u00cen ciuda titlului un pic negativ, vreau s\u0103 \u00eencep cu o not\u0103 bun\u0103, de fapt una foarte bun\u0103, not\u0103 care cred c\u0103 trebuie oferit\u0103 D-nei senator Mihaela Popa. Vreau s-o\u2026","rel":"","context":"In &quot;Politic\u0103&quot;","img":{"alt_text":"","src":"","width":0,"height":0},"classes":[]},{"id":562,"url":"https:\/\/insemnari.grigore.ro\/?p=562","url_meta":{"origin":3429,"position":5},"title":"Mesia de l\u00e2ng\u0103 Miroslava","date":"29\/05\/2010","format":false,"excerpt":"V\u0103d c\u0103 una din persoanele aduse s\u0103 ne lumineze calea c\u0103tre performan\u021ba politic\u0103 (pe ce criterii, nu am aflat deocamdat\u0103, dar \u00eenc\u0103 mai sper s\u0103 m\u0103 l\u0103mureasc\u0103 cineva) nu prea are habar unde s-a \u00eenscris. Mai deun\u0103zi, la \u0219edin\u021ba de la care am plecat pentru a nu valida prezen\u021ba celor\u2026","rel":"","context":"In &quot;Politic\u0103&quot;","img":{"alt_text":"","src":"","width":0,"height":0},"classes":[]}],"jetpack_likes_enabled":true,"_links":{"self":[{"href":"https:\/\/insemnari.grigore.ro\/index.php?rest_route=\/wp\/v2\/posts\/3429"}],"collection":[{"href":"https:\/\/insemnari.grigore.ro\/index.php?rest_route=\/wp\/v2\/posts"}],"about":[{"href":"https:\/\/insemnari.grigore.ro\/index.php?rest_route=\/wp\/v2\/types\/post"}],"author":[{"embeddable":true,"href":"https:\/\/insemnari.grigore.ro\/index.php?rest_route=\/wp\/v2\/users\/1"}],"replies":[{"embeddable":true,"href":"https:\/\/insemnari.grigore.ro\/index.php?rest_route=%2Fwp%2Fv2%2Fcomments&post=3429"}],"version-history":[{"count":0,"href":"https:\/\/insemnari.grigore.ro\/index.php?rest_route=\/wp\/v2\/posts\/3429\/revisions"}],"wp:attachment":[{"href":"https:\/\/insemnari.grigore.ro\/index.php?rest_route=%2Fwp%2Fv2%2Fmedia&parent=3429"}],"wp:term":[{"taxonomy":"category","embeddable":true,"href":"https:\/\/insemnari.grigore.ro\/index.php?rest_route=%2Fwp%2Fv2%2Fcategories&post=3429"},{"taxonomy":"post_tag","embeddable":true,"href":"https:\/\/insemnari.grigore.ro\/index.php?rest_route=%2Fwp%2Fv2%2Ftags&post=3429"}],"curies":[{"name":"wp","href":"https:\/\/api.w.org\/{rel}","templated":true}]}}