{"id":3673,"date":"2015-07-04T16:06:17","date_gmt":"2015-07-04T13:06:17","guid":{"rendered":"http:\/\/insemnari.grigore.ro\/?p=3673"},"modified":"2016-10-07T11:40:20","modified_gmt":"2016-10-07T08:40:20","slug":"in-semn-de-protest","status":"publish","type":"post","link":"https:\/\/insemnari.grigore.ro\/?p=3673","title":{"rendered":"\u00cen semn de protest :))"},"content":{"rendered":"<p><a href=\"https:\/\/insemnari.grigore.ro\/wp-content\/uploads\/2015\/07\/IMG_0574.jpg\"><img src=\"https:\/\/insemnari.grigore.ro\/wp-content\/uploads\/2015\/07\/IMG_0574.jpg\" alt=\"\" \/><\/a>\u00a0\u00cen semn de protest c\u0103 nu a fost primit \u00een cas\u0103 :)) (e din vecini \u0219i a fost primit la mas\u0103, de unde \u0219i nemul\u021bumirea c\u0103 nu a primit \u0219i cazare).<\/p>\n","protected":false},"excerpt":{"rendered":"<p>\u00a0\u00cen semn de protest c\u0103 nu a fost primit \u00een cas\u0103 :)) (e din vecini \u0219i a fost primit la mas\u0103, de unde \u0219i nemul\u021bumirea c\u0103 nu a primit \u0219i cazare).<\/p>\n","protected":false},"author":1,"featured_media":0,"comment_status":"open","ping_status":"open","sticky":false,"template":"","format":"standard","meta":{"_et_pb_use_builder":"","_et_pb_old_content":"","jetpack_post_was_ever_published":false,"jetpack_publicize_message":"","jetpack_is_tweetstorm":false,"jetpack_publicize_feature_enabled":true,"jetpack_social_post_already_shared":false,"jetpack_social_options":{"image_generator_settings":{"template":"highway","enabled":false}}},"categories":[6],"tags":[],"jetpack_publicize_connections":[],"jetpack_featured_media_url":"","jetpack_sharing_enabled":true,"jetpack_shortlink":"https:\/\/wp.me\/p5QsNR-Xf","jetpack-related-posts":[{"id":776,"url":"https:\/\/insemnari.grigore.ro\/?p=776","url_meta":{"origin":3673,"position":0},"title":"Am primit un SMS. Nu m\u0103 duc.","date":"12\/03\/2011","format":false,"excerpt":"Ieri sear\u0103, pe la ora 21.00 (21.13 ca s\u0103 fiu exact) am primit urm\u0103torul SMS (\u00eentruc\u00e2t nu e trimis doar mie ci s-a expediat \u00een mas\u0103, altfel neexplic\u00e2ndu-mi prezen\u021ba mea printre destinatari, am s\u0103-l fac public): Vin la partid! Azi se \u00eemplinesc 10 luni de c\u00e2nd BPJ a fost \u00eenlocuit\u2026","rel":"","context":"In &quot;Politic\u0103&quot;","img":{"alt_text":"","src":"","width":0,"height":0},"classes":[]},{"id":3429,"url":"https:\/\/insemnari.grigore.ro\/?p=3429","url_meta":{"origin":3673,"position":1},"title":"Cum s\u0103 scrii prost o lege&#8230;","date":"02\/03\/2015","format":false,"excerpt":"\u00cen cazul \u00een care operatorii economici (...) refuz\u0103 emiterea \u0219i \u00eenm\u00e2narea bonului fiscal clientului (...) acesta din urm\u0103 are dreptul de a beneficia de bunul achizi\u021bionat sau de serviciul prestat f\u0103r\u0103 plata contravalorii acestuia.\" Am citat din de-acum\u00a0faimoasa\u00a0Ordonan\u021b\u0103 nr. 10\/2015. Poate p\u0103rea o fraz\u0103 de bun-sim\u021b, nu-i a\u0219a? Dar dac\u0103\u2026","rel":"","context":"In &quot;Politic\u0103&quot;","img":{"alt_text":"","src":"","width":0,"height":0},"classes":[]},{"id":931,"url":"https:\/\/insemnari.grigore.ro\/?p=931","url_meta":{"origin":3673,"position":2},"title":"Buhaiul (politic)&#8230;","date":"29\/03\/2011","format":false,"excerpt":"\u00cen copil\u0103ria mea petrecut\u0103 la bloc (v\u0103 mai aminti\u021bi sloganul c\u00e2\u0219tig\u0103tor \"Noi am crescut cu cheia la g\u00e2t\"?.. :) \u00a0) aveam o defini\u021bie foarte clar\u0103 a termenului de buhai. Era acel butoia\u0219 sau putinic\u0103, cu o piele la unul din capete, prin care treceam ni\u0219te fire de coad\u0103 de cal\u2026","rel":"","context":"In &quot;Politic\u0103&quot;","img":{"alt_text":"","src":"","width":0,"height":0},"classes":[]},{"id":2024,"url":"https:\/\/insemnari.grigore.ro\/?p=2024","url_meta":{"origin":3673,"position":3},"title":"Vre\u021bi \u00een politic\u0103?&#8230; (partea a II-a)","date":"23\/02\/2012","format":false,"excerpt":"Ca un f\u0103cut, dup\u0103 ce vorbeam ieri sear\u0103 despre dezavantajele pe care trebuie s\u0103 \u0219i le asume \u00een mod firesc oricine are dorin\u021ba de a activa politic la un nivel c\u00e2t de c\u00e2t vizibil (aten\u021bia public\u0103 orientat\u0103 c\u0103tre propria persoan\u0103, atenuarea sau dispari\u021bia total\u0103 a intimit\u0103\u021bii vie\u021bii de zi cu\u2026","rel":"","context":"In &quot;Politic\u0103&quot;","img":{"alt_text":"","src":"","width":0,"height":0},"classes":[]},{"id":710,"url":"https:\/\/insemnari.grigore.ro\/?p=710","url_meta":{"origin":3673,"position":4},"title":"&#8230;urmare","date":"08\/02\/2010","format":false,"excerpt":"Constat c\u0103 post\u0103rile mele de acum c\u00e2teva zile au avut un ecou nea\u0219teptat (aici \u0219i aici). Nu a fost inten\u021bia mea s\u0103 declan\u0219ez polemici \u00een jurul numelor unor persoane, de aceea nici nu am f\u0103cut nominaliz\u0103ri.Altul este \u00eens\u0103 scopul interven\u021biei mele de ast\u0103zi. Observ o mare nervozitate \u00een r\u00e2ndul \"postacilor\"\u2026","rel":"","context":"In &quot;Politic\u0103&quot;","img":{"alt_text":"","src":"","width":0,"height":0},"classes":[]},{"id":704,"url":"https:\/\/insemnari.grigore.ro\/?p=704","url_meta":{"origin":3673,"position":5},"title":"C\u00e2teva concluzii dup\u0103 campanie","date":"03\/12\/2008","format":false,"excerpt":"Acum c\u0103 s-au mai risipit incertitudinile perioadei de dup\u0103 campanie, r\u0103m\u00e2n\u00e2nd de v\u0103zut doar formula care va guverna \u021bara, cred c\u0103 putem trage c\u00e2teva concluzii:- partidele \u201emici\u201d au disp\u0103rut. De altfel ele nici nu au fost prezente, dec\u00e2t cel mult pe unele din panourile de afi\u0219aj, dar \u0219i acolo destul\u2026","rel":"","context":"In &quot;Politic\u0103&quot;","img":{"alt_text":"","src":"","width":0,"height":0},"classes":[]}],"jetpack_likes_enabled":true,"_links":{"self":[{"href":"https:\/\/insemnari.grigore.ro\/index.php?rest_route=\/wp\/v2\/posts\/3673"}],"collection":[{"href":"https:\/\/insemnari.grigore.ro\/index.php?rest_route=\/wp\/v2\/posts"}],"about":[{"href":"https:\/\/insemnari.grigore.ro\/index.php?rest_route=\/wp\/v2\/types\/post"}],"author":[{"embeddable":true,"href":"https:\/\/insemnari.grigore.ro\/index.php?rest_route=\/wp\/v2\/users\/1"}],"replies":[{"embeddable":true,"href":"https:\/\/insemnari.grigore.ro\/index.php?rest_route=%2Fwp%2Fv2%2Fcomments&post=3673"}],"version-history":[{"count":3,"href":"https:\/\/insemnari.grigore.ro\/index.php?rest_route=\/wp\/v2\/posts\/3673\/revisions"}],"predecessor-version":[{"id":3860,"href":"https:\/\/insemnari.grigore.ro\/index.php?rest_route=\/wp\/v2\/posts\/3673\/revisions\/3860"}],"wp:attachment":[{"href":"https:\/\/insemnari.grigore.ro\/index.php?rest_route=%2Fwp%2Fv2%2Fmedia&parent=3673"}],"wp:term":[{"taxonomy":"category","embeddable":true,"href":"https:\/\/insemnari.grigore.ro\/index.php?rest_route=%2Fwp%2Fv2%2Fcategories&post=3673"},{"taxonomy":"post_tag","embeddable":true,"href":"https:\/\/insemnari.grigore.ro\/index.php?rest_route=%2Fwp%2Fv2%2Ftags&post=3673"}],"curies":[{"name":"wp","href":"https:\/\/api.w.org\/{rel}","templated":true}]}}