{"id":3849,"date":"2016-07-11T09:56:26","date_gmt":"2016-07-11T06:56:26","guid":{"rendered":"http:\/\/insemnari.grigore.ro\/?p=3849"},"modified":"2016-10-08T11:12:11","modified_gmt":"2016-10-08T08:12:11","slug":"atentie-domnilor-consilieri","status":"publish","type":"post","link":"https:\/\/insemnari.grigore.ro\/?p=3849","title":{"rendered":"Aten\u021bie, domnilor consilieri"},"content":{"rendered":"<p>Citesc \u00een <a href=\"http:\/\/www.ziaruldeiasi.ro\/stiri\/sedinta-de-15-milioane-de-euro-la-cl-in-ce-conditii-va-lua-iasul-creditul-pentru-autobuzele-noi--133077.html\" target=\"_blank\">Ziarul de Ia\u0219i<\/a> cum c\u0103 se va vota \u00een aceast\u0103 s\u0103pt\u0103m\u00e2n\u0103 un credit 15 milioane \u20ac pe o perioad\u0103 12 ani (plus \u00eenc\u0103 vreo doi de gra\u021bie) pentru achizi\u021bionarea unor autobuze noi. La prima vedere, &#8220;foarte bine, fiindc\u0103 rablele cu care se circul\u0103 acum sunt de toat\u0103 jena pentru orice ora\u0219, nemaivorbind de Ia\u0219i&#8221;.<\/p>\n<p>Dar, aten\u021bie mare, d-lor consilieri, aceste milioane se vor ad\u0103uga celor pe care le achit\u0103m deja la faimosul credit Dexia din care s-au cump\u0103rat alte autobuze (tot noi) din Belarus. V\u0103 rog \u00eentreba\u021bi-l pe dl. actual primar, fiindc\u0103 el e cel care s-a ocupat la acea vreme de achizi\u021bia respectiv\u0103 (fiind chiar acuzat de Nichita de niscai mi\u0219c\u0103ri necurate ale banilor), c\u00e2te dintre acele autobuze mai sunt ast\u0103zi \u00een circula\u021bie? Sau mai bine zis, c\u00e2nd a ie\u0219it pentru ultima dat\u0103 pe traseu un autobuz MAZ? Fiindc\u0103 de pl\u0103tit \u00eenc\u0103 mai pl\u0103tim la ele, iar acum, la doar 9 ani de la achizi\u021bie sunt ani buni de c\u00e2nd ele nu mai circul\u0103.<\/p>\n<p>S-a mai \u00eencercat o dat\u0103 \u0219mecheria asta mai demult, prin 2010, cred, dar nu a trecut fiindc\u0103 ne-am opus (consilierii de atunci) cu argumente clare. A face un credit pe o perioad\u0103 at\u00e2t de lung\u0103 pentru un bun care e folosit doar jum\u0103tate din perioada \u00een care se pl\u0103te\u0219te creditul pentru a-l achizi\u021biona este prostie pur\u0103 sau ho\u021bie curat\u0103. V-ar conveni s\u0103 pl\u0103ti\u021bi 10 ani rate pentru un televizor care\u00a0e deja perimat sau eventual stricat\u00a0\u00een 5 ani? E acela\u0219i lucru! De ce spun ho\u021bie curat\u0103? Fiindc\u0103 dac\u0103 cineva pretinde c\u0103 nu se pot lua fonduri europene pentru autobuze, minte: dovada e <a href=\"https:\/\/eu-smartcities.eu\/sites\/all\/files\/Guideline-Using%20EU%20fundings%20mechanism%20for%20smart%20cities.pdf\" target=\"_blank\">aici<\/a>.<\/p>\n<p>\u0218i, d-lor consilieri, l-a\u0219 mai \u00eentreba pe dl. primar urm\u0103torul lucru: de unde vor veni banii pentru plata creditului? Sunt sustenabile aceste credite prin veniturile CTP? Afecteaz\u0103 ele actuala politic\u0103 de subven\u021bii a transportului local? Cu alte cuvinte cine va pl\u0103ti \u0219i cine va beneficia? De ce s-au investit zeci de milioane de \u20ac \u00een refacerea liniilor de tramvai dac\u0103 acum se cump\u0103r\u0103 autobuze?<\/p>\n<p>\u00cen fine, \u00eentreb\u0103rile sunt multe \u0219i sunt convins c\u0103 singurele r\u0103spunsuri pe care le ve\u021bi primi vor con\u021bine clasica bolmojeal\u0103 nichitist\u0103 &#8220;proiectele Ia\u0219ului&#8221;&#8230;<\/p>\n","protected":false},"excerpt":{"rendered":"<p>Citesc \u00een Ziarul de Ia\u0219i cum c\u0103 se va vota \u00een aceast\u0103 s\u0103pt\u0103m\u00e2n\u0103 un credit 15 milioane \u20ac pe o perioad\u0103 12 ani (plus \u00eenc\u0103 vreo doi de gra\u021bie) pentru achizi\u021bionarea unor autobuze noi. La prima vedere, &#8220;foarte bine, fiindc\u0103 rablele cu care se circul\u0103 acum sunt de toat\u0103 jena pentru orice ora\u0219, nemaivorbind de [&hellip;]<\/p>\n","protected":false},"author":1,"featured_media":0,"comment_status":"open","ping_status":"open","sticky":false,"template":"","format":"standard","meta":{"_et_pb_use_builder":"","_et_pb_old_content":"","jetpack_post_was_ever_published":false,"jetpack_publicize_message":"","jetpack_is_tweetstorm":false,"jetpack_publicize_feature_enabled":true,"jetpack_social_post_already_shared":true,"jetpack_social_options":{"image_generator_settings":{"template":"highway","enabled":false}}},"categories":[3],"tags":[140,138,10,139,142,141],"jetpack_publicize_connections":[],"jetpack_featured_media_url":"","jetpack_sharing_enabled":true,"jetpack_shortlink":"https:\/\/wp.me\/p5QsNR-105","jetpack-related-posts":[{"id":214,"url":"https:\/\/insemnari.grigore.ro\/?p=214","url_meta":{"origin":3849,"position":0},"title":"De ce merge prost RATP-ul (\u00eenc\u0103 un motiv)","date":"02\/04\/2010","format":false,"excerpt":"Ast\u0103zi de diminea\u021b\u0103, pe la 7.40, coboram c\u0103tre Prim\u0103rie, c\u00e2nd ajung\u00e2nd \u00een rondul de la Agronomie am putut num\u0103ra nu mai pu\u021bin de 3 tramvaie, 4 autobuze \u0219i 4 microbuze deja sta\u021bion\u00e2nd \u00een rond... Merg mai departe \u0219i p\u00e2n\u0103 la sta\u021bia de la Super Copou mai num\u0103r nu mai pu\u021bin\u2026","rel":"","context":"In &quot;Politic\u0103&quot;","img":{"alt_text":"","src":"https:\/\/i0.wp.com\/blog.grigore.ro\/wp-content\/uploads\/2010\/04\/groapa-300x225.jpg?resize=350%2C200","width":350,"height":200},"classes":[]},{"id":343,"url":"https:\/\/insemnari.grigore.ro\/?p=343","url_meta":{"origin":3849,"position":1},"title":"Ipocrizie m\u0103runt\u0103, marca Nichita","date":"01\/05\/2010","format":false,"excerpt":"Dl. Nichita \u0219i sf\u0103tuitorii (plus distribuitorii) d-sale \u00een ce prive\u0219te reac\u021biile pentru pres\u0103 \u0219i public au dat un mesaj de total\u0103 indignare proletar\u0103 ieri, acuz\u00e2ndu-ne pe noi, consilierii PDL, c\u0103 am \"sabotat\", ce altceva dec\u00e2t bine\u00een\u021beles, marota pre\u0219edintelui PSD de Bahlui (\u0219i Jijia), adic\u0103 \"proiectele Ia\u0219ului\". Citez: \"din cauza nep\u0103s\u0103rii\u2026","rel":"","context":"In &quot;Politic\u0103&quot;","img":{"alt_text":"","src":"","width":0,"height":0},"classes":[]},{"id":1003,"url":"https:\/\/insemnari.grigore.ro\/?p=1003","url_meta":{"origin":3849,"position":2},"title":"Grija d-lui Nichita fa\u021b\u0103 de PDL","date":"30\/03\/2011","format":false,"excerpt":"Citesc aici \u0219i sunt impresionat, chiar \u00eenduio\u0219at, c\u0103 pe dl. Nichita \u00eel doare foarte tare faptul c\u0103 PDL nu face o nominalizare pentru postul de viceprimar r\u0103mas vacant \u00een urma demisiei mele. Nu \u0219tiu dac\u0103 doar el sufer\u0103 din cauza acestei decizii sau mai sunt \u0219i al\u021bii, dar a\u0219 comenta\u2026","rel":"","context":"In &quot;Politic\u0103&quot;","img":{"alt_text":"","src":"","width":0,"height":0},"classes":[]},{"id":750,"url":"https:\/\/insemnari.grigore.ro\/?p=750","url_meta":{"origin":3849,"position":3},"title":"Mai \u00eenjura\u021bi Guvernul, d-le Nichita?","date":"22\/02\/2011","format":false,"excerpt":"G\u0103sesc\u00a0aici un articol despre situa\u021bia CET Ia\u0219i. Ca orice veste despre CET, ni se spune c\u0103 situa\u021bia acestei unit\u0103\u021bi este una disperat\u0103. \u00cen ultimii doi ani nu am obosit s\u0103 repet, iar presa nu a obosit s\u0103 scrie sau s\u0103 relateze exact acest lucru: c\u0103 dac\u0103 nu se iau m\u0103suri,\u2026","rel":"","context":"In &quot;Politic\u0103&quot;","img":{"alt_text":"","src":"","width":0,"height":0},"classes":[]},{"id":711,"url":"https:\/\/insemnari.grigore.ro\/?p=711","url_meta":{"origin":3849,"position":4},"title":"Scrisoare deschis\u0103 c\u0103tre ie\u0219eni","date":"14\/02\/2010","format":false,"excerpt":"Am aflat cu surprindere de demersul efectuat de dl. Gheorghe Nichita, prin intermediul unei scrisori deschise, \u0219i anume de reclama\u021bia f\u0103cut\u0103 de d-sa primului ministru la adresa consilierilor locali PD-L care au avut \u201c\u00eendr\u0103zneala\u201d de a se fi ab\u021binut la votarea unui proiect viz\u00e2nd construc\u021bia unei autog\u0103ri \u00een municipiul Ia\u0219i.Surprinderea\u2026","rel":"","context":"In &quot;Politic\u0103&quot;","img":{"alt_text":"","src":"","width":0,"height":0},"classes":[]},{"id":1250,"url":"https:\/\/insemnari.grigore.ro\/?p=1250","url_meta":{"origin":3849,"position":5},"title":"10 cereri nesim\u021bite","date":"13\/07\/2011","format":false,"excerpt":"De fiecare dat\u0103 c\u00e2nd m\u0103 g\u00e2ndesc c\u0103 dl. Nichita \u0219i-a epuizat resursele de imagina\u021bie \u00een a \u00eencerca a ne lua de pro\u0219ti pe noi cet\u0103\u021benii, fiindc\u0103 \u00een aceast\u0103 calitate scriu aici, mai apare c\u00e2te o gogoa\u0219\u0103 \"emanat\u0103\" de d-sa. Ultima g\u0103selni\u021b\u0103 nichitist\u0103 \u00een materie de \"durea-m-ar pe mine de popula\u021bie,\u2026","rel":"","context":"In &quot;Politic\u0103&quot;","img":{"alt_text":"","src":"","width":0,"height":0},"classes":[]}],"jetpack_likes_enabled":true,"_links":{"self":[{"href":"https:\/\/insemnari.grigore.ro\/index.php?rest_route=\/wp\/v2\/posts\/3849"}],"collection":[{"href":"https:\/\/insemnari.grigore.ro\/index.php?rest_route=\/wp\/v2\/posts"}],"about":[{"href":"https:\/\/insemnari.grigore.ro\/index.php?rest_route=\/wp\/v2\/types\/post"}],"author":[{"embeddable":true,"href":"https:\/\/insemnari.grigore.ro\/index.php?rest_route=\/wp\/v2\/users\/1"}],"replies":[{"embeddable":true,"href":"https:\/\/insemnari.grigore.ro\/index.php?rest_route=%2Fwp%2Fv2%2Fcomments&post=3849"}],"version-history":[{"count":3,"href":"https:\/\/insemnari.grigore.ro\/index.php?rest_route=\/wp\/v2\/posts\/3849\/revisions"}],"predecessor-version":[{"id":3866,"href":"https:\/\/insemnari.grigore.ro\/index.php?rest_route=\/wp\/v2\/posts\/3849\/revisions\/3866"}],"wp:attachment":[{"href":"https:\/\/insemnari.grigore.ro\/index.php?rest_route=%2Fwp%2Fv2%2Fmedia&parent=3849"}],"wp:term":[{"taxonomy":"category","embeddable":true,"href":"https:\/\/insemnari.grigore.ro\/index.php?rest_route=%2Fwp%2Fv2%2Fcategories&post=3849"},{"taxonomy":"post_tag","embeddable":true,"href":"https:\/\/insemnari.grigore.ro\/index.php?rest_route=%2Fwp%2Fv2%2Ftags&post=3849"}],"curies":[{"name":"wp","href":"https:\/\/api.w.org\/{rel}","templated":true}]}}