{"id":3868,"date":"2016-11-10T11:13:24","date_gmt":"2016-11-10T09:13:24","guid":{"rendered":"http:\/\/insemnari.grigore.ro\/?p=3868"},"modified":"2018-07-20T12:12:31","modified_gmt":"2018-07-20T09:12:31","slug":"din-arhiva-familiei","status":"publish","type":"post","link":"https:\/\/insemnari.grigore.ro\/?p=3868","title":{"rendered":"Din arhiva familiei"},"content":{"rendered":"<p>Recent am intrat \u00een posesia c\u00e2torva fotografii \u00een care este surprins unul din bunicii mei (Jean Petit, despre care am mai scris aici) \u00een timpul celui de-al doilea r\u0103zboi mondial. Recunosc c\u0103 am de ce s\u0103 fiu m\u00e2ndru de ascenden\u021bii mei \u0219i \u00eencerc s\u0103 le transmit acela\u0219i sentiment \u0219i celor ce-mi vor urma&#8230;<\/p>\n<p>&nbsp;<\/p>\n\n\t\t<style type=\"text\/css\">\n\t\t\t#gallery-1 {\n\t\t\t\tmargin: auto;\n\t\t\t}\n\t\t\t#gallery-1 .gallery-item {\n\t\t\t\tfloat: left;\n\t\t\t\tmargin-top: 10px;\n\t\t\t\ttext-align: center;\n\t\t\t\twidth: 33%;\n\t\t\t}\n\t\t\t#gallery-1 img {\n\t\t\t\tborder: 2px solid #cfcfcf;\n\t\t\t}\n\t\t\t#gallery-1 .gallery-caption {\n\t\t\t\tmargin-left: 0;\n\t\t\t}\n\t\t\t\/* see gallery_shortcode() in wp-includes\/media.php *\/\n\t\t<\/style>\n\t\t<div data-carousel-extra='{\"blog_id\":1,\"permalink\":\"https:\\\/\\\/insemnari.grigore.ro\\\/?p=3868\"}' id='gallery-1' class='gallery galleryid-3868 gallery-columns-3 gallery-size-thumbnail'><dl class='gallery-item'>\n\t\t\t<dt class='gallery-icon portrait'>\n\t\t\t\t<a href='https:\/\/insemnari.grigore.ro\/wp-content\/uploads\/2016\/11\/bunicul_jean_front-1.jpg'><img width=\"150\" height=\"150\" src=\"https:\/\/insemnari.grigore.ro\/wp-content\/uploads\/2016\/11\/bunicul_jean_front-1-150x150.jpg\" class=\"attachment-thumbnail size-thumbnail\" alt=\"\" loading=\"lazy\" aria-describedby=\"gallery-1-3869\" data-attachment-id=\"3869\" data-permalink=\"https:\/\/insemnari.grigore.ro\/?attachment_id=3869\" data-orig-file=\"https:\/\/insemnari.grigore.ro\/wp-content\/uploads\/2016\/11\/bunicul_jean_front-1.jpg\" data-orig-size=\"2219,2733\" data-comments-opened=\"1\" data-image-meta=\"{&quot;aperture&quot;:&quot;0&quot;,&quot;credit&quot;:&quot;&quot;,&quot;camera&quot;:&quot;&quot;,&quot;caption&quot;:&quot;&quot;,&quot;created_timestamp&quot;:&quot;0&quot;,&quot;copyright&quot;:&quot;&quot;,&quot;focal_length&quot;:&quot;0&quot;,&quot;iso&quot;:&quot;0&quot;,&quot;shutter_speed&quot;:&quot;0&quot;,&quot;title&quot;:&quot;&quot;,&quot;orientation&quot;:&quot;0&quot;}\" data-image-title=\"\u00cen prima linie a frontului din Caucaz \u00een vara lui 1942 &#8211; bunicul meu, cel din st\u00e2nga imaginii\" data-image-description=\"&lt;p&gt;\u00cen prima linie a frontului din Caucaz \u00een vara lui 1942 &#8211; cel din st\u00e2nga imaginii&lt;\/p&gt;\n\" data-image-caption=\"&lt;p&gt;\u00cen prima linie a frontului din Caucaz \u00een vara lui 1942 &#8211; bunicul meu, cel din st\u00e2nga imaginii&lt;\/p&gt;\n\" data-medium-file=\"https:\/\/insemnari.grigore.ro\/wp-content\/uploads\/2016\/11\/bunicul_jean_front-1-244x300.jpg\" data-large-file=\"https:\/\/insemnari.grigore.ro\/wp-content\/uploads\/2016\/11\/bunicul_jean_front-1-831x1024.jpg\" \/><\/a>\n\t\t\t<\/dt>\n\t\t\t\t<dd class='wp-caption-text gallery-caption' id='gallery-1-3869'>\n\t\t\t\t\u00cen prima linie a frontului din Caucaz \u00een vara lui 1942 &#8211; bunicul meu, cel din st\u00e2nga imaginii\n\t\t\t\t<\/dd><\/dl><dl class='gallery-item'>\n\t\t\t<dt class='gallery-icon landscape'>\n\t\t\t\t<a href='https:\/\/insemnari.grigore.ro\/wp-content\/uploads\/2016\/11\/bunicul_jean_front-2.jpg'><img width=\"150\" height=\"150\" src=\"https:\/\/insemnari.grigore.ro\/wp-content\/uploads\/2016\/11\/bunicul_jean_front-2-150x150.jpg\" class=\"attachment-thumbnail size-thumbnail\" alt=\"\" loading=\"lazy\" aria-describedby=\"gallery-1-3870\" data-attachment-id=\"3870\" data-permalink=\"https:\/\/insemnari.grigore.ro\/?attachment_id=3870\" data-orig-file=\"https:\/\/insemnari.grigore.ro\/wp-content\/uploads\/2016\/11\/bunicul_jean_front-2.jpg\" data-orig-size=\"1532,1081\" data-comments-opened=\"1\" data-image-meta=\"{&quot;aperture&quot;:&quot;0&quot;,&quot;credit&quot;:&quot;&quot;,&quot;camera&quot;:&quot;&quot;,&quot;caption&quot;:&quot;&quot;,&quot;created_timestamp&quot;:&quot;0&quot;,&quot;copyright&quot;:&quot;&quot;,&quot;focal_length&quot;:&quot;0&quot;,&quot;iso&quot;:&quot;0&quot;,&quot;shutter_speed&quot;:&quot;0&quot;,&quot;title&quot;:&quot;&quot;,&quot;orientation&quot;:&quot;0&quot;}\" data-image-title=\"Pe frontul din Rusia &#8211; bunicul meu, cel din mijloc, cu m\u00e2inile \u00een buzunar (probabil \u00een 1942)\" data-image-description=\"&lt;p&gt;Pe frontul din Rusia &#8211; cel din mijloc, cu m\u00e2inile \u00een buzunar (probabil \u00een 1942)&lt;\/p&gt;\n\" data-image-caption=\"&lt;p&gt;Pe frontul din Rusia &#8211; bunicul meu, cel din mijloc, cu m\u00e2inile \u00een buzunar (probabil \u00een 1942)&lt;\/p&gt;\n\" data-medium-file=\"https:\/\/insemnari.grigore.ro\/wp-content\/uploads\/2016\/11\/bunicul_jean_front-2-300x212.jpg\" data-large-file=\"https:\/\/insemnari.grigore.ro\/wp-content\/uploads\/2016\/11\/bunicul_jean_front-2-1024x723.jpg\" \/><\/a>\n\t\t\t<\/dt>\n\t\t\t\t<dd class='wp-caption-text gallery-caption' id='gallery-1-3870'>\n\t\t\t\tPe frontul din Rusia &#8211; bunicul meu, cel din mijloc, cu m\u00e2inile \u00een buzunar (probabil \u00een 1942)\n\t\t\t\t<\/dd><\/dl><dl class='gallery-item'>\n\t\t\t<dt class='gallery-icon portrait'>\n\t\t\t\t<a href='https:\/\/insemnari.grigore.ro\/wp-content\/uploads\/2016\/11\/bunicul_jean_front-3.jpg'><img width=\"150\" height=\"150\" src=\"https:\/\/insemnari.grigore.ro\/wp-content\/uploads\/2016\/11\/bunicul_jean_front-3-150x150.jpg\" class=\"attachment-thumbnail size-thumbnail\" alt=\"\" loading=\"lazy\" aria-describedby=\"gallery-1-3871\" data-attachment-id=\"3871\" data-permalink=\"https:\/\/insemnari.grigore.ro\/?attachment_id=3871\" data-orig-file=\"https:\/\/insemnari.grigore.ro\/wp-content\/uploads\/2016\/11\/bunicul_jean_front-3.jpg\" data-orig-size=\"1018,1359\" data-comments-opened=\"1\" data-image-meta=\"{&quot;aperture&quot;:&quot;0&quot;,&quot;credit&quot;:&quot;&quot;,&quot;camera&quot;:&quot;&quot;,&quot;caption&quot;:&quot;&quot;,&quot;created_timestamp&quot;:&quot;0&quot;,&quot;copyright&quot;:&quot;&quot;,&quot;focal_length&quot;:&quot;0&quot;,&quot;iso&quot;:&quot;0&quot;,&quot;shutter_speed&quot;:&quot;0&quot;,&quot;title&quot;:&quot;&quot;,&quot;orientation&quot;:&quot;0&quot;}\" data-image-title=\"\u00cen tran\u0219ee (cel din mijloc), probabil 1944\" data-image-description=\"&lt;p&gt;\u00cen tran\u0219ee (cel din mijloc), probabil 1944&lt;\/p&gt;\n\" data-image-caption=\"&lt;p&gt;\u00cen tran\u0219ee (cel din mijloc), probabil 1944&lt;\/p&gt;\n\" data-medium-file=\"https:\/\/insemnari.grigore.ro\/wp-content\/uploads\/2016\/11\/bunicul_jean_front-3-225x300.jpg\" data-large-file=\"https:\/\/insemnari.grigore.ro\/wp-content\/uploads\/2016\/11\/bunicul_jean_front-3-767x1024.jpg\" \/><\/a>\n\t\t\t<\/dt>\n\t\t\t\t<dd class='wp-caption-text gallery-caption' id='gallery-1-3871'>\n\t\t\t\t\u00cen tran\u0219ee (cel din mijloc), probabil 1944\n\t\t\t\t<\/dd><\/dl><br style=\"clear: both\" \/>\n\t\t<\/div>\n\n","protected":false},"excerpt":{"rendered":"<p>Recent am intrat \u00een posesia c\u00e2torva fotografii \u00een care este surprins unul din bunicii mei (Jean Petit, despre care am mai scris aici) \u00een timpul celui de-al doilea r\u0103zboi mondial. Recunosc c\u0103 am de ce s\u0103 fiu m\u00e2ndru de ascenden\u021bii mei \u0219i \u00eencerc s\u0103 le transmit acela\u0219i sentiment \u0219i celor ce-mi vor urma&#8230; &nbsp;<\/p>\n","protected":false},"author":1,"featured_media":0,"comment_status":"open","ping_status":"open","sticky":false,"template":"","format":"standard","meta":{"_et_pb_use_builder":"","_et_pb_old_content":"","jetpack_post_was_ever_published":false,"jetpack_publicize_message":"","jetpack_is_tweetstorm":false,"jetpack_publicize_feature_enabled":true,"jetpack_social_post_already_shared":true,"jetpack_social_options":{"image_generator_settings":{"template":"highway","enabled":false}}},"categories":[6],"tags":[150,148,147],"jetpack_publicize_connections":[],"jetpack_featured_media_url":"","jetpack_sharing_enabled":true,"jetpack_shortlink":"https:\/\/wp.me\/p5QsNR-10o","jetpack-related-posts":[{"id":299,"url":"https:\/\/insemnari.grigore.ro\/?p=299","url_meta":{"origin":3868,"position":0},"title":"Tragedie \u00een Polonia, r\u0103utate \u0219i stupiditate la noi&#8230;","date":"10\/04\/2010","format":false,"excerpt":"Azi s-a petrecut una din cele mai mari tragedii ale unei \u021b\u0103ri europene de dup\u0103 al II-lea r\u0103zboi mondial. Faptul c\u0103 o \u00eentreag\u0103 serie de oameni importan\u021bi, \u00eencep\u00e2nd cu pre\u0219edintele \u021b\u0103rii \u0219i \u0219eful Statului Major al armatei poloneze, plus, din c\u00e2te se pare \u0219i al\u021bi \u0219efi ai unor partide poloneze\u2026","rel":"","context":"In &quot;Politic\u0103&quot;","img":{"alt_text":"","src":"https:\/\/i0.wp.com\/blog.grigore.ro\/wp-content\/uploads\/2010\/04\/lech-kaczynski-241x300.png?resize=350%2C200","width":350,"height":200},"classes":[]},{"id":3658,"url":"https:\/\/insemnari.grigore.ro\/?p=3658","url_meta":{"origin":3868,"position":1},"title":"&#8220;La toamn\u0103 vin americanii&#8221;","date":"14\/05\/2015","format":false,"excerpt":"\u00cen sf\u00e2r\u0219it, sper c\u0103 sufletul bunicului meu, acolo unde o fi el acum, se poate lini\u0219ti. \u00cenc\u0103 am vii \u00een memorie serile din vacan\u021bele de var\u0103 c\u00e2nd, dup\u0103 ce ne citea mie \u0219i fratelui meu rubrica Fapt Divers din Sc\u00e2nteia (de fapt aproape singurul lucru care se putea citi \u00een\u2026","rel":"","context":"In &quot;Politic\u0103&quot;","img":{"alt_text":"","src":"https:\/\/i0.wp.com\/img.youtube.com\/vi\/DHh27F3FxKc\/0.jpg?resize=350%2C200","width":350,"height":200},"classes":[]},{"id":1261,"url":"https:\/\/insemnari.grigore.ro\/?p=1261","url_meta":{"origin":3868,"position":2},"title":"Din nou student&#8230; :)","date":"14\/09\/2011","format":false,"excerpt":"Ieri am postat pe Facebook (un mediu care \u00eemi place foarte mult, recunosc) anun\u021bul c\u0103 voi fi din nou student. R\u0103spunsul a fost unul care mi-a confirmat c\u0103 pe facebook (fb, cum \u00eei spun \"ini\u021bia\u021bii\") ai \u00eentr-adev\u0103r prieteni. Adev\u0103ra\u021bi, nu virtuali. O mul\u021bime de mesaje de sprijin, de \u00eencurajare, de\u2026","rel":"","context":"In &quot;Diverse&quot;","img":{"alt_text":"","src":"","width":0,"height":0},"classes":[]},{"id":79,"url":"https:\/\/insemnari.grigore.ro\/?p=79","url_meta":{"origin":3868,"position":3},"title":"Pe jos \u0219i cu tramvaiul prin ora\u0219&#8230; Ep. 1","date":"24\/02\/2008","format":false,"excerpt":"S\u00e2mb\u0103t\u0103, ora 7.00, o diminea\u021b\u0103 frumoas\u0103 \u00eenc\u0103, parc\u0103 nedorind s\u0103 ne am\u0103rasc\u0103 prevestind ploaia \u0219i noroiul ce urmau s\u0103 se a\u0219tearn\u0103 peste ora\u0219ul neie\u0219it din iarn\u0103, peste doar dou\u0103 ore. Plin de optimism, m\u0103 duc s\u0103 las ma\u0219ina la sp\u0103lat, \u00een speran\u021ba c\u0103 va rezista c\u00e2t de c\u00e2t curat\u0103 m\u0103car\u2026","rel":"","context":"In &quot;Politic\u0103&quot;","img":{"alt_text":"","src":"","width":0,"height":0},"classes":[]},{"id":394,"url":"https:\/\/insemnari.grigore.ro\/?p=394","url_meta":{"origin":3868,"position":4},"title":"Nu e normal&#8230;","date":"07\/05\/2010","format":false,"excerpt":"Ast\u0103 sear\u0103 am fost invitat \u00een dou\u0103 locuri... Din p\u0103cate, din motive personale (starea febril\u0103 a fiului meu plus testele de m\u00e2ine ale fiicei mele, dar nu v\u0103d de ce ar trebui s\u0103 m\u0103 justific) nu am reu\u0219it s\u0103 ajung la niciunul din evenimente. Cele dou\u0103 ocazii la care eram\u2026","rel":"","context":"In &quot;Politic\u0103&quot;","img":{"alt_text":"","src":"https:\/\/i0.wp.com\/blog.grigore.ro\/wp-content\/uploads\/2010\/05\/Screen-shot-2010-05-06-at-11.03.01-PM-287x300.png?resize=350%2C200","width":350,"height":200},"classes":[]},{"id":82,"url":"https:\/\/insemnari.grigore.ro\/?p=82","url_meta":{"origin":3868,"position":5},"title":"Menajeria online","date":"21\/03\/2008","format":false,"excerpt":"Azi, foarte pe scurt despre comentariile din presa on-line... Mai bine zis despre iadul care se dezlantuie in urma cate unui articol care ataca, de cele mai multe ori, o tema politica sau usor politizabila...Eu unul nu am scris, recunosc, niciodata vreun mesaj in listele respective, dar le-am citit o\u2026","rel":"","context":"In &quot;Diverse&quot;","img":{"alt_text":"","src":"","width":0,"height":0},"classes":[]}],"jetpack_likes_enabled":true,"_links":{"self":[{"href":"https:\/\/insemnari.grigore.ro\/index.php?rest_route=\/wp\/v2\/posts\/3868"}],"collection":[{"href":"https:\/\/insemnari.grigore.ro\/index.php?rest_route=\/wp\/v2\/posts"}],"about":[{"href":"https:\/\/insemnari.grigore.ro\/index.php?rest_route=\/wp\/v2\/types\/post"}],"author":[{"embeddable":true,"href":"https:\/\/insemnari.grigore.ro\/index.php?rest_route=\/wp\/v2\/users\/1"}],"replies":[{"embeddable":true,"href":"https:\/\/insemnari.grigore.ro\/index.php?rest_route=%2Fwp%2Fv2%2Fcomments&post=3868"}],"version-history":[{"count":6,"href":"https:\/\/insemnari.grigore.ro\/index.php?rest_route=\/wp\/v2\/posts\/3868\/revisions"}],"predecessor-version":[{"id":3878,"href":"https:\/\/insemnari.grigore.ro\/index.php?rest_route=\/wp\/v2\/posts\/3868\/revisions\/3878"}],"wp:attachment":[{"href":"https:\/\/insemnari.grigore.ro\/index.php?rest_route=%2Fwp%2Fv2%2Fmedia&parent=3868"}],"wp:term":[{"taxonomy":"category","embeddable":true,"href":"https:\/\/insemnari.grigore.ro\/index.php?rest_route=%2Fwp%2Fv2%2Fcategories&post=3868"},{"taxonomy":"post_tag","embeddable":true,"href":"https:\/\/insemnari.grigore.ro\/index.php?rest_route=%2Fwp%2Fv2%2Ftags&post=3868"}],"curies":[{"name":"wp","href":"https:\/\/api.w.org\/{rel}","templated":true}]}}