{"id":580,"date":"2010-05-30T12:28:49","date_gmt":"2010-05-30T09:28:49","guid":{"rendered":"http:\/\/blog.grigore.ro\/?p=580"},"modified":"2010-05-30T12:28:49","modified_gmt":"2010-05-30T09:28:49","slug":"domnului-carlan-cu-toata-prietenia","status":"publish","type":"post","link":"https:\/\/insemnari.grigore.ro\/?p=580","title":{"rendered":"Domnului C\u00e2rlan, cu prietenie"},"content":{"rendered":"<p>Dl. C\u00e2rlan folose\u0219te un pretext simplu, cel al semn\u0103rii <a title=\"Peti\u021bie C\u0103t\u0103lin Toma\" href=\"http:\/\/www.ipetitions.com\/petition\/nuioannani\/\" target=\"_blank\">peti\u021biei lui C\u0103t\u0103lin Toma<\/a> cu un nume fals asumat, pentru a-\u0219i <a title=\"Articol Dan C\u00e2rlan\" href=\"http:\/\/dancarlan.blogspot.com\/2010\/05\/nu.html\" target=\"_blank\">manifesta pentru prima dat\u0103 pozi\u021bia<\/a> fa\u021b\u0103 de numirea \u00een CODA de la PDL Ia\u0219i a unor nume ce nu au ce c\u0103uta acolo. E p\u0103rerea mea \u0219i mi-o men\u021bin indiferent ce vor spune unii sau al\u021bii, indiferent dac\u0103 asta ar \u00eensemna excluderea mea din PDL.<\/p>\n<p>Dl. C\u00e2rlan spune c\u0103 exist\u0103 o decizie a BPN cu &#8220;un nume (nr. \u00a08) \u0219i a fost transmis\u0103 c\u0103tre organiza\u021bie \u00een scris, semnat\u0103 de pre\u0219edintele partidului. Adic\u0103 transparent \u0219i asumat.&#8221;. Stimate d-le C\u00e2rlan, eu, membru (at\u00e2t c\u00e2t am fost) al CODA \u0219i al BPJ al PDL Ia\u0219i, nu am v\u0103zut niciodat\u0103 aceast\u0103 decizie! Ea nu a fost niciodat\u0103 prezentat\u0103 \u00eentr-un cadru c\u00e2t de c\u00e2t oficial \u0219i Dvs. \u0219ti\u021bi foarte bine acest lucru.<\/p>\n<p>\u021ain s\u0103 reamintesc faptul c\u0103 la ultima \u0219edin\u021b\u0103, de acum vreo lun\u0103, a BPJ-ului Ia\u0219i, a\u0219a cum a rezultat el \u00een urma fuziunii PD-PLD, nimeni din cei 4 membri ai BPN veni\u021bi s\u0103 analizeze activitatea filialei Ia\u0219i nu \u0219tia, conform propriilor declara\u021bii care pot fi confirmate de to\u021bi cei de acolo, inclusiv de dl. C\u00e2rlan, cine este dl. Nani, fiindc\u0103 de dl. Butuc\u0103 nici m\u0103car nu s-a vorbit.<\/p>\n<p>Am \u0219i eu rug\u0103mintea, fiindc\u0103 pe cale oficial\u0103 nu mi-a r\u0103spuns nimeni, s\u0103 \u00eemi explica\u021bi care sunt criteriile ce au dus la includerea celor 2 membri PSD \u00een structura interimar\u0103 de conducere a PDL?<\/p>\n<p>Experien\u021ba politic\u0103? Hai s\u0103 fim serio\u0219i&#8230; Cei doi sunt oameni care au e\u0219uat at\u00e2t \u00een plan intern \u00een PSD (\u0219i voi reveni pe acest subiect dac\u0103 va fi nevoie) c\u00e2t \u0219i extern, unul din ei fiind \u00eenvinsul d-nei Popa, unul din cei doi senatori pe care \u00eei are PDL la Ia\u0219i.<\/p>\n<p>Ce filiale de partid a mai organizat vreunul din cei 2? Cu ce rezultate? Reprezint\u0103 vreunul din ei o figur\u0103 emblematic\u0103 a municipiului sau jude\u021bului Ia\u0219i?<\/p>\n<p>Sper din toat\u0103 inima c\u0103 r\u0103spunsul, a\u0219a cum insinueaz\u0103 unii, nu ar fi &#8220;banii&#8221;&#8230; Fiindc\u0103 niciunul din cei doi domni nu are capacitatea sau posibilitatea de a ajuta financiar filiala, dec\u00e2t \u00een mod foarte limitat. Unul din ei e director al unei \u00eentreprinderi de Stat, av\u00e2nd ni\u0219te venituri clare, transparente \u0219i restr\u00e2nse, de angajat la Stat, iar cel\u0103lalt are, dup\u0103 cum se vorbe\u0219te, prin firmele d-sale, datorii imense la Stat (de ordinul milioanelor de Euro, din c\u00e2te am auzit). Deci \u00een oricare din situa\u021bii, banii pe care ace\u0219tia s-ar l\u0103uda (dar eu nu cred c\u0103 au f\u0103cut-o) c\u0103 i-ar aduce partidului, ar fi bani de la Stat. Sper, de fapt sunt convins, c\u0103 nimeni din conducerea PDL Ia\u0219i nu ar fi de acord cu a\u0219a ceva, de aceea exclud cu t\u0103rie un asemenea argument!<\/p>\n<p>\u0218i atunci?&#8230; Ce a mai r\u0103mas? Activismul politic? S\u0103-mi indice oricine vreo luare public\u0103 de pozi\u021bie a celor doi domni \u00een favoarea PDL&#8230; sau m\u0103car a pre\u0219edintelui B\u0103sescu, pe care PDL l-a sprijinit la alegerile de anul trecut. Nimic! Eu unul nu am cuno\u0219tin\u021b\u0103 de nicio declara\u021bie sau demers public al vreunuia din cei doi \u00een favoarea PDL \u00een ultimii doi ani \u0219i nici nu aveau cum s\u0103 fac\u0103 a\u0219a ceva, fiindc\u0103 cei doi sunt membri \u0219i simpatizan\u021bi PSD!<\/p>\n<p>Iar s\u0103 spune\u021bi, d-le C\u0103rlan, c\u0103 dl. Nani e coleg de partid cu noi&#8230; Dvs. \u0219ti\u021bi poate cel mai bine c\u0103 adeziunea d-sale (ca \u0219i cea a celuilalt domn) a\u021bi v\u0103zut-o poate doar Dvs&#8230;. La organiza\u021bia municipal\u0103, spre a fi afi\u0219at\u0103 (a\u0219a cum spunea statutul la momentul la care Dvs. spune\u021bi c\u0103 s-a \u00eenscris dl. Nani \u00een PDL) nu a ajuns&#8230; \u0218i-atunci ce ne repro\u0219a\u021bi?<\/p>\n<p>O ultim\u0103 men\u021biune: NU m-a pus nimeni s\u0103 declar nimic, ce am spus am spus fiindc\u0103 a\u0219a simt. NU reprezint pe nimeni dec\u00e2t credin\u021ba mea c\u0103 acest partid poate face mult mai mult pentru Ia\u0219i \u0219i pentru \u021bar\u0103 dec\u00e2t compromisuri care s\u0103 ne trag\u0103 \u00een jos.<\/p>\n<p>Cu toat\u0103 prietenia,<br \/>\nGabriel Grigore<\/p>\n","protected":false},"excerpt":{"rendered":"<p>Dl. C\u00e2rlan folose\u0219te un pretext simplu, cel al semn\u0103rii peti\u021biei lui C\u0103t\u0103lin Toma cu un nume fals asumat, pentru a-\u0219i manifesta pentru prima dat\u0103 pozi\u021bia fa\u021b\u0103 de numirea \u00een CODA de la PDL Ia\u0219i a unor nume ce nu au ce c\u0103uta acolo. E p\u0103rerea mea \u0219i mi-o men\u021bin indiferent ce vor spune unii sau [&hellip;]<\/p>\n","protected":false},"author":1,"featured_media":0,"comment_status":"open","ping_status":"open","sticky":false,"template":"","format":"standard","meta":{"_et_pb_use_builder":"","_et_pb_old_content":"","jetpack_post_was_ever_published":false,"jetpack_publicize_message":"","jetpack_is_tweetstorm":false,"jetpack_publicize_feature_enabled":true,"jetpack_social_post_already_shared":false,"jetpack_social_options":{"image_generator_settings":{"template":"highway","enabled":false}}},"categories":[3],"tags":[45,56],"jetpack_publicize_connections":[],"jetpack_featured_media_url":"","jetpack_sharing_enabled":true,"jetpack_shortlink":"https:\/\/wp.me\/p5QsNR-9m","jetpack-related-posts":[{"id":776,"url":"https:\/\/insemnari.grigore.ro\/?p=776","url_meta":{"origin":580,"position":0},"title":"Am primit un SMS. Nu m\u0103 duc.","date":"12\/03\/2011","format":false,"excerpt":"Ieri sear\u0103, pe la ora 21.00 (21.13 ca s\u0103 fiu exact) am primit urm\u0103torul SMS (\u00eentruc\u00e2t nu e trimis doar mie ci s-a expediat \u00een mas\u0103, altfel neexplic\u00e2ndu-mi prezen\u021ba mea printre destinatari, am s\u0103-l fac public): Vin la partid! Azi se \u00eemplinesc 10 luni de c\u00e2nd BPJ a fost \u00eenlocuit\u2026","rel":"","context":"In &quot;Politic\u0103&quot;","img":{"alt_text":"","src":"","width":0,"height":0},"classes":[]},{"id":1086,"url":"https:\/\/insemnari.grigore.ro\/?p=1086","url_meta":{"origin":580,"position":1},"title":"&#8220;Cine nu \u0219tie s\u0103 piard\u0103, nu merit\u0103 s\u0103 c\u00e2\u0219tige&#8221;","date":"10\/04\/2011","format":false,"excerpt":"Aceast\u0103 idee, cea din titlu, mi-a fost \"suflat\u0103\" de un bun \u0219i drag prieten (mul\u021bumesc Cip!). Ast\u0103zi a avut loc CCL al PDL Ia\u0219i. A fost o \u0219edin\u021b\u0103 grea, cu multe puncte de inflexiune (dac\u0103 vre\u021bi s\u0103 le numim a\u0219a) care a consfin\u021bit la finalul ei o anumit\u0103 stare de\u2026","rel":"","context":"In &quot;Politic\u0103&quot;","img":{"alt_text":"","src":"","width":0,"height":0},"classes":[]},{"id":504,"url":"https:\/\/insemnari.grigore.ro\/?p=504","url_meta":{"origin":580,"position":2},"title":"Despre compromisuri \u0219i compromiteri&#8230; &#8211; articolul &#8211;","date":"22\/05\/2010","format":false,"excerpt":"Acest mic articol apare un pic mai t\u00e2rziu dec\u00e2t estimasem ini\u021bial, dar mai bine (cred eu) mai t\u00e2rziu dec\u00e2t deloc. \u00cen ciuda titlului un pic negativ, vreau s\u0103 \u00eencep cu o not\u0103 bun\u0103, de fapt una foarte bun\u0103, not\u0103 care cred c\u0103 trebuie oferit\u0103 D-nei senator Mihaela Popa. Vreau s-o\u2026","rel":"","context":"In &quot;Politic\u0103&quot;","img":{"alt_text":"","src":"","width":0,"height":0},"classes":[]},{"id":881,"url":"https:\/\/insemnari.grigore.ro\/?p=881","url_meta":{"origin":580,"position":3},"title":"Preciz\u0103ri pentru un &#8220;domni\u0219or&#8221; \u0219i pentru presa interesat\u0103 de acest subiect","date":"26\/03\/2011","format":false,"excerpt":"V\u0103d c\u0103 face mare v\u00e2lv\u0103, frustrarea unui \"domni\u0219or\" ce nu \"s-a ales \u00een coledzi\". D-lui face conferin\u021be de pres\u0103 pe trotuarul din fa\u021ba sediului PSD (nu, n-am gre\u0219it) \u00een care-\u0219i manifest\u0103 sup\u0103rarea pentru faptul c\u0103 n-a c\u0103zut toat\u0103 lumea \u00een genunchi \u00een fa\u021ba lui la o \u0219edin\u021b\u0103. Vreau s\u0103 fac\u2026","rel":"","context":"In &quot;Politic\u0103&quot;","img":{"alt_text":"","src":"","width":0,"height":0},"classes":[]},{"id":1292,"url":"https:\/\/insemnari.grigore.ro\/?p=1292","url_meta":{"origin":580,"position":4},"title":"Despre candidatura mea la pre\u0219edin\u021bia PDL Ia\u0219i","date":"19\/09\/2011","format":false,"excerpt":"Fiindc\u0103 au ap\u0103rut \u00een pres\u0103 sau \u00een media on-line destule specula\u021bii legate de candidatura mea la pre\u0219edin\u021bia filialei jude\u021bene Ia\u0219i a PDL, vreau s\u0103 fac unele remarci: - decizia a fost luat\u0103 pe ultima sut\u0103 de metri, dar a fost \u00een \u00eentregime op\u021biunea mea; am considerat c\u0103 profilul meu, oferta\u2026","rel":"","context":"In &quot;Politic\u0103&quot;","img":{"alt_text":"","src":"","width":0,"height":0},"classes":[]},{"id":601,"url":"https:\/\/insemnari.grigore.ro\/?p=601","url_meta":{"origin":580,"position":5},"title":"Greu de mimat opozi\u021bia, sau cum se chinuie PNL la Ia\u0219i&#8230;","date":"28\/06\/2010","format":false,"excerpt":"Nu doream s\u0103 intervin \u00een acest dialog, dar v\u0103d c\u0103 dl. Adomni\u021bei \u00eemi face onoarea de a-mi men\u021biona numele. \u021ain s\u0103-i comunic d-lui deputat de Podul Iloaiei (\u0219i \u00eemprejurimile) urm\u0103toarele: 1) Guvernarea local\u0103 \u00een municipiul Ia\u0219i e asigurat\u0103 de dl. Nichita cu ajutorul nemijlocit \u0219i continuu al celor de la\u2026","rel":"","context":"In &quot;Politic\u0103&quot;","img":{"alt_text":"","src":"","width":0,"height":0},"classes":[]}],"jetpack_likes_enabled":true,"_links":{"self":[{"href":"https:\/\/insemnari.grigore.ro\/index.php?rest_route=\/wp\/v2\/posts\/580"}],"collection":[{"href":"https:\/\/insemnari.grigore.ro\/index.php?rest_route=\/wp\/v2\/posts"}],"about":[{"href":"https:\/\/insemnari.grigore.ro\/index.php?rest_route=\/wp\/v2\/types\/post"}],"author":[{"embeddable":true,"href":"https:\/\/insemnari.grigore.ro\/index.php?rest_route=\/wp\/v2\/users\/1"}],"replies":[{"embeddable":true,"href":"https:\/\/insemnari.grigore.ro\/index.php?rest_route=%2Fwp%2Fv2%2Fcomments&post=580"}],"version-history":[{"count":0,"href":"https:\/\/insemnari.grigore.ro\/index.php?rest_route=\/wp\/v2\/posts\/580\/revisions"}],"wp:attachment":[{"href":"https:\/\/insemnari.grigore.ro\/index.php?rest_route=%2Fwp%2Fv2%2Fmedia&parent=580"}],"wp:term":[{"taxonomy":"category","embeddable":true,"href":"https:\/\/insemnari.grigore.ro\/index.php?rest_route=%2Fwp%2Fv2%2Fcategories&post=580"},{"taxonomy":"post_tag","embeddable":true,"href":"https:\/\/insemnari.grigore.ro\/index.php?rest_route=%2Fwp%2Fv2%2Ftags&post=580"}],"curies":[{"name":"wp","href":"https:\/\/api.w.org\/{rel}","templated":true}]}}