{"id":617,"date":"2010-06-29T06:10:29","date_gmt":"2010-06-29T03:10:29","guid":{"rendered":"http:\/\/blog.grigore.ro\/?p=617"},"modified":"2010-06-29T06:10:29","modified_gmt":"2010-06-29T03:10:29","slug":"cand-politicianismul-bate-bunul-sim%c8%9b","status":"publish","type":"post","link":"https:\/\/insemnari.grigore.ro\/?p=617","title":{"rendered":"C\u00e2nd politicianismul bate bunul-sim\u021b"},"content":{"rendered":"<p>\u00centruc\u00e2t micul <a href=\"http:\/\/en.wikipedia.org\/wiki\/Suslov\" target=\"_blank\">Suslov<\/a> (c\u0103 tot m-a numit el &#8220;To`arshu&#8221;) al filialei PNL de Bahlui face un <a title=\"Tov. Danga\" href=\"http:\/\/www.danga.ro\/blog\/2010\/06\/29\/toarshu-grigore-se-cere-afara-ii-dam-voie\/\" target=\"_blank\">exerci\u021biu retoric<\/a> pe blogul domniei sale \u00een care pomene\u0219te numele meu, \u00eemi permit \u0219i eu s\u0103-i r\u0103spund, promi\u021b\u00e2ndu-i \u00eens\u0103 c\u0103 e ultima dat\u0103 c\u00e2nd o fac. Vom relua dialogul atunci c\u00e2nd D-sa nu-\u0219i va mai \u00eemp\u0103na textele ce m\u0103 privesc, cu minciuni \u0219i demagogie \u0219i va fi capabil s\u0103 analizeze lucrurile la rece. Acum, dac\u0103 e abonat la CET, va avea mari \u0219anse s\u0103 fac\u0103 acest lucru \u00een iarna viitoare, dat\u0103 fiind decizia colegilor d-sale (deopotriv\u0103 din PNL \u0219i PSD) din CA al CET care au decis s\u0103 mearg\u0103 pe solu\u021bia proces\u0103rii de c\u0103rbune \u00een aceast\u0103 iarn\u0103&#8230; Voi \u00eencerca s\u0103 fiu clar:<\/p>\n<p>1) Viceprimarul, d-le Danga, este acea persoan\u0103 aleas\u0103 dintre consilierii locali s\u0103 \u00eendeplineasc\u0103, conform organigramei votate \u00een CL, dispozi\u021biei primarului \u0219i competen\u021belor sale rolul de coordonare a unor direc\u021bii \u0219i societ\u0103\u021bi din subordinea Consiliului Local. Cu asta cred c\u0103 v-am r\u0103spuns la \u00eentrebare. Eu nu sunt viceprimar PSD, ci PDL \u0219i ac\u021bionez ca atare. Nu sunte\u021bi de acord, dvs. PNL-ul \u0219i PSD-ul cu acest punct de vedere? E simplu: schimba\u021bi-m\u0103! Dar face\u021bi-o b\u0103rb\u0103te\u0219te, asum\u00e2ndu-v\u0103 rolul de aliat al PSD, a\u0219a cum sunte\u021bi de fapt.<\/p>\n<p>2) Chestiunea cu &#8220;distratul&#8221; la t\u0103ierea gazului e o minciun\u0103 ieftin\u0103 de tip &#8220;\u0218tefan Gheorghiu&#8221;, sec\u021bia muncitoreasc\u0103, pe care am auzit-o la dl. Nichita, reluat\u0103 apoi f\u0103r\u0103 ghilimele de un cotidian local, ceea ce \u00eemi \u00eent\u0103re\u0219te \u00eenc\u0103 o dat\u0103 convingerea c\u0103 \u0219i Dvs. sunte\u021bi pe acela\u0219i palier politic. Personal \u00eens\u0103, v\u0103 credeam capabil de mai mult bun-sim\u021b&#8230; Nici nu v\u0103 mai cer acum s\u0103-mi spune\u021bi \u0219i mie c\u00e2nd \u0219i cum m-am &#8220;distrat&#8221; eu la t\u0103ierea gazului.<\/p>\n<p>3) Nu v-am acuzat pe Dvs. de nimic. La vremea respectiv\u0103 i-am acuzat pe colegii Dvs. din CLM Ia\u0219i c\u0103 au \u00eendatorat f\u0103r\u0103 s\u0103 cr\u00e2cneasc\u0103 ora\u0219ul cu \u00eenc\u0103 11 milioane de Euro (credit, plus dob\u00e2nzi plus comisioane) f\u0103r\u0103 a \u00eencerca o minim\u0103 negociere cu furnizorul. Ca unul care am organizat o \u00eent\u00e2lnire a consilierilor cu cei de la Unicom, v\u0103 pot spune c\u0103 ei ar fi fost dispu\u0219i s\u0103 impun\u0103 condi\u021bii mult mai bl\u00e2nde ora\u0219ului, dac\u0103 nu ar fi fost deja asigura\u021bi de trecerea \u00eemprumutului prin CL cu votul Dvs.. \u0218i apropo de voturile celor 3 (trei) colegi ai mei la ultima din cele 5 (cred) \u0219edin\u021be \u00een care s-a votat acest \u00eemprumut, acesta ar fi trecut \u0219i dac\u0103 ei nu votau.<\/p>\n<p>N-am s\u0103 v\u0103 mai plictisesc acum, fiindc\u0103 sunt convins c\u0103 oricum nu v\u0103 intereseaz\u0103, cu demersurile repetate f\u0103cute c\u0103tre dl. Nichita pentru a trata cu toat\u0103 seriozitatea datoria CET c\u0103tre Unicom, pe tot parcursul verii dinaintea \u00eemprumutului, dup\u0103 cum n-am s\u0103 v\u0103 reamintesc nici cererea expres\u0103 f\u0103cut\u0103 celor de la CET de a face pl\u0103\u021bi zilnice c\u0103tre to\u021bi furnizorii neachita\u021bi, pentru a nu fi acuza\u021bi, cei de la CET, de rea- credin\u021b\u0103. Din p\u0103cate d-lor au ascultat de alte comandamente, la care a\u021bi subscris \u0219i Dvs. (ca partid) la votarea \u00eemprumutului.<\/p>\n<p>P.S. la P.S. \u00cen ce-l prive\u0219te pe Dl. Adomni\u021bei, care sper c\u0103 nu v-a (re)comandat a-mi replica \u00een numele d-sale la un <a href=\"http:\/\/blog.grigore.ro\/?p=601\" target=\"_blank\">r\u0103spuns<\/a> al meu <a href=\"http:\/\/www.jurnalvirtual.ro\/2010\/06\/26\/adomnitei-spune-ca-pnl-are-doar-de-pierdut-daca-va-vota-in-consiliu-viceprimar-psd\/\" target=\"_blank\">provocat<\/a> tot de d-lui, mi-e team\u0103 c\u0103 e tot at\u00e2t de mult deputat de Ia\u0219i pe c\u00e2t e de mult deputat de Podul Iloaiei&#8230;<\/p>\n","protected":false},"excerpt":{"rendered":"<p>\u00centruc\u00e2t micul Suslov (c\u0103 tot m-a numit el &#8220;To`arshu&#8221;) al filialei PNL de Bahlui face un exerci\u021biu retoric pe blogul domniei sale \u00een care pomene\u0219te numele meu, \u00eemi permit \u0219i eu s\u0103-i r\u0103spund, promi\u021b\u00e2ndu-i \u00eens\u0103 c\u0103 e ultima dat\u0103 c\u00e2nd o fac. Vom relua dialogul atunci c\u00e2nd D-sa nu-\u0219i va mai \u00eemp\u0103na textele ce m\u0103 [&hellip;]<\/p>\n","protected":false},"author":1,"featured_media":0,"comment_status":"open","ping_status":"open","sticky":false,"template":"","format":"standard","meta":{"_et_pb_use_builder":"","_et_pb_old_content":"","jetpack_post_was_ever_published":false,"jetpack_publicize_message":"","jetpack_is_tweetstorm":false,"jetpack_publicize_feature_enabled":true,"jetpack_social_post_already_shared":false,"jetpack_social_options":{"image_generator_settings":{"template":"highway","enabled":false}}},"categories":[3],"tags":[81,10,56,48,11],"jetpack_publicize_connections":[],"jetpack_featured_media_url":"","jetpack_sharing_enabled":true,"jetpack_shortlink":"https:\/\/wp.me\/p5QsNR-9X","jetpack-related-posts":[{"id":601,"url":"https:\/\/insemnari.grigore.ro\/?p=601","url_meta":{"origin":617,"position":0},"title":"Greu de mimat opozi\u021bia, sau cum se chinuie PNL la Ia\u0219i&#8230;","date":"28\/06\/2010","format":false,"excerpt":"Nu doream s\u0103 intervin \u00een acest dialog, dar v\u0103d c\u0103 dl. Adomni\u021bei \u00eemi face onoarea de a-mi men\u021biona numele. \u021ain s\u0103-i comunic d-lui deputat de Podul Iloaiei (\u0219i \u00eemprejurimile) urm\u0103toarele: 1) Guvernarea local\u0103 \u00een municipiul Ia\u0219i e asigurat\u0103 de dl. Nichita cu ajutorul nemijlocit \u0219i continuu al celor de la\u2026","rel":"","context":"In &quot;Politic\u0103&quot;","img":{"alt_text":"","src":"","width":0,"height":0},"classes":[]},{"id":1651,"url":"https:\/\/insemnari.grigore.ro\/?p=1651","url_meta":{"origin":617,"position":1},"title":"PNL, &#8220;trompeta&#8221; PSD","date":"22\/12\/2011","format":false,"excerpt":"Citesc pe site-ul\u00a0d-lui Ghe\u021b\u0103u c\u0103 o \"zis\u0103\" de-a d-lui Adomni\u021bei pe blogul personal a provocat reac\u021bia aproape unanim\u0103 (-1, dar acela nu mai e de mult timp \u00een PDL, asta dac\u0103 putem spune c\u0103 a fost vreodat\u0103...) a parlamentarilor democrat liberali. E bine c\u0103 s-a reac\u021bionat din partea PDL, dar,\u2026","rel":"","context":"In &quot;Politic\u0103&quot;","img":{"alt_text":"","src":"","width":0,"height":0},"classes":[]},{"id":1250,"url":"https:\/\/insemnari.grigore.ro\/?p=1250","url_meta":{"origin":617,"position":2},"title":"10 cereri nesim\u021bite","date":"13\/07\/2011","format":false,"excerpt":"De fiecare dat\u0103 c\u00e2nd m\u0103 g\u00e2ndesc c\u0103 dl. Nichita \u0219i-a epuizat resursele de imagina\u021bie \u00een a \u00eencerca a ne lua de pro\u0219ti pe noi cet\u0103\u021benii, fiindc\u0103 \u00een aceast\u0103 calitate scriu aici, mai apare c\u00e2te o gogoa\u0219\u0103 \"emanat\u0103\" de d-sa. Ultima g\u0103selni\u021b\u0103 nichitist\u0103 \u00een materie de \"durea-m-ar pe mine de popula\u021bie,\u2026","rel":"","context":"In &quot;Politic\u0103&quot;","img":{"alt_text":"","src":"","width":0,"height":0},"classes":[]},{"id":757,"url":"https:\/\/insemnari.grigore.ro\/?p=757","url_meta":{"origin":617,"position":3},"title":"Ecua\u021biile falimentului&#8230;","date":"23\/02\/2011","format":false,"excerpt":"V\u0103d c\u0103 postacii PSD = USL (fiindc\u0103 PNL e exclus din orice combina\u021bie, nu de mine sau de PDL, ci de PSD, cel pu\u021bin la Ia\u0219i)\u00a0au intrat \u00een fibrila\u021bie de c\u00e2nd dl. Nichita d\u0103 cu oi\u0219tea \u00een gard zilnic, drept care m-am g\u00e2ndit s\u0103 transpun \u00een limbajul lor simplu, frust,\u2026","rel":"","context":"In &quot;Politic\u0103&quot;","img":{"alt_text":"","src":"","width":0,"height":0},"classes":[]},{"id":3749,"url":"https:\/\/insemnari.grigore.ro\/?p=3749","url_meta":{"origin":617,"position":4},"title":"Dup\u0103 alegeri&#8230;","date":"08\/06\/2016","format":false,"excerpt":"Au trecut \u0219i localele din 2016... C\u00e2teva concluzii, dar mai \u00eent\u00e2i de toate, cifrele: num\u0103rul absolut de voturi de pe teritoriul municipiului Ia\u0219i (am lucrat cu\u00a0datele provizorii de la BEC din seara zilei de 7 iunie) Iar acum observa\u021biile: Lehamitea generalizat\u0103 a aleg\u0103torilor, v\u0103 spun sincer, inclusiv a mea, iar\u2026","rel":"","context":"In &quot;Politic\u0103&quot;","img":{"alt_text":"","src":"","width":0,"height":0},"classes":[]},{"id":1003,"url":"https:\/\/insemnari.grigore.ro\/?p=1003","url_meta":{"origin":617,"position":5},"title":"Grija d-lui Nichita fa\u021b\u0103 de PDL","date":"30\/03\/2011","format":false,"excerpt":"Citesc aici \u0219i sunt impresionat, chiar \u00eenduio\u0219at, c\u0103 pe dl. Nichita \u00eel doare foarte tare faptul c\u0103 PDL nu face o nominalizare pentru postul de viceprimar r\u0103mas vacant \u00een urma demisiei mele. Nu \u0219tiu dac\u0103 doar el sufer\u0103 din cauza acestei decizii sau mai sunt \u0219i al\u021bii, dar a\u0219 comenta\u2026","rel":"","context":"In &quot;Politic\u0103&quot;","img":{"alt_text":"","src":"","width":0,"height":0},"classes":[]}],"jetpack_likes_enabled":true,"_links":{"self":[{"href":"https:\/\/insemnari.grigore.ro\/index.php?rest_route=\/wp\/v2\/posts\/617"}],"collection":[{"href":"https:\/\/insemnari.grigore.ro\/index.php?rest_route=\/wp\/v2\/posts"}],"about":[{"href":"https:\/\/insemnari.grigore.ro\/index.php?rest_route=\/wp\/v2\/types\/post"}],"author":[{"embeddable":true,"href":"https:\/\/insemnari.grigore.ro\/index.php?rest_route=\/wp\/v2\/users\/1"}],"replies":[{"embeddable":true,"href":"https:\/\/insemnari.grigore.ro\/index.php?rest_route=%2Fwp%2Fv2%2Fcomments&post=617"}],"version-history":[{"count":0,"href":"https:\/\/insemnari.grigore.ro\/index.php?rest_route=\/wp\/v2\/posts\/617\/revisions"}],"wp:attachment":[{"href":"https:\/\/insemnari.grigore.ro\/index.php?rest_route=%2Fwp%2Fv2%2Fmedia&parent=617"}],"wp:term":[{"taxonomy":"category","embeddable":true,"href":"https:\/\/insemnari.grigore.ro\/index.php?rest_route=%2Fwp%2Fv2%2Fcategories&post=617"},{"taxonomy":"post_tag","embeddable":true,"href":"https:\/\/insemnari.grigore.ro\/index.php?rest_route=%2Fwp%2Fv2%2Ftags&post=617"}],"curies":[{"name":"wp","href":"https:\/\/api.w.org\/{rel}","templated":true}]}}