{"id":672,"date":"2010-08-29T12:27:03","date_gmt":"2010-08-29T09:27:03","guid":{"rendered":"http:\/\/blog.grigore.ro\/?p=672"},"modified":"2010-08-29T12:27:03","modified_gmt":"2010-08-29T09:27:03","slug":"plex-nine","status":"publish","type":"post","link":"https:\/\/insemnari.grigore.ro\/?p=672","title":{"rendered":"Plex Nine"},"content":{"rendered":"<p>Pentru aceia dintre Dvs. care utilizeaz\u0103 media-centere, fie ele rul\u00e2nd Windows, Linux sau OS X, o \u0219tire: Plex, faimos \u00een lumea utilizatorilor Apple, dar nu numai, pentru ceea ce face (adic\u0103 s\u0103-\u021bi transforme sufrageria \u00eentr-o adev\u0103rat\u0103 sal\u0103 de spectacol, fie c\u0103 vrei s\u0103 vezi filme de pe dvd, avi, mkv sau de pe Youtube, s\u0103 ascul\u021bi muzic\u0103 de pe mp3-urile tale sau de pe net, s\u0103-\u021bi vezi fotografiile din vacan\u021b\u0103, s\u0103 vezi care e prognoza meteo \u00een ora\u0219ul t\u0103u, s\u0103 vezi \u0219tirile televiziunilor canadiene sau australiene, s\u0103-\u021bi vizionezi podcastul favorit etc.) va lansa pe 1 Septembrie o nou\u0103 versiune, multa\u0219teptat\u0103 de altfel, anume versiunea 9 (Nine). Ultima (0.8.5) fusese lansata \u00een urm\u0103 cu aproape un an iar de atunci cei de la <a title=\"Plex\" href=\"http:\/\/www.plexapp.com\/\" target=\"_blank\">plexapp.com<\/a> (care apropos, fac totul gratuit) au lucrat intens la o rescriere din temelii a codului surs\u0103, totul fiind f\u0103cut pe alte fundamente.<\/p>\n<p>Pentru cei ce vor s\u0103 afle mai multe, \u00eei sf\u0103tuiesc s\u0103 se uite pe <a title=\"Blog\" href=\"http:\/\/elan.plexapp.com\/\" target=\"_blank\">blogul<\/a> dezvoltatorilor acestui program \u0219i pe <a title=\"Forum\" href=\"http:\/\/forums.plexapp.com\/\" target=\"_blank\">forumuri<\/a>. Iat\u0103 mai jos c\u00e2tva imagini elocvente despre acest program (de fapt cum ar ar\u0103ta ecranul TV-ului Dvs. dac\u0103 l-a\u021bi folosi):<\/p>\n<p style=\"text-align: center;\"><a href=\"http:\/\/www.plexapp.com\/\"><img loading=\"lazy\" class=\"aligncenter size-medium wp-image-673\" title=\"Plex Nine\" src=\"http:\/\/blog.grigore.ro\/wp-content\/uploads\/2010\/08\/plex1-300x187.jpg\" alt=\"Plex Nine\" width=\"300\" height=\"187\" \/><\/a><a href=\"http:\/\/www.plexapp.com\/\"><\/a><\/p>\n<p style=\"text-align: center;\"><a href=\"http:\/\/www.plexapp.com\/\"><img loading=\"lazy\" class=\"aligncenter size-medium wp-image-674\" title=\"Plex Nine\" src=\"http:\/\/blog.grigore.ro\/wp-content\/uploads\/2010\/08\/plex2-300x173.jpg\" alt=\"Plex Nine\" width=\"300\" height=\"173\" \/><\/a><\/p>\n<p style=\"text-align: center;\"><a href=\"http:\/\/www.plexapp.com\/\"><img loading=\"lazy\" class=\"aligncenter size-medium wp-image-675\" title=\"Plex Nine\" src=\"http:\/\/blog.grigore.ro\/wp-content\/uploads\/2010\/08\/plex3-300x187.jpg\" alt=\"Plex Nine\" width=\"300\" height=\"187\" \/><\/a><\/p>\n<p style=\"text-align: center;\"><a href=\"http:\/\/www.plexapp.com\/\"><img loading=\"lazy\" class=\"aligncenter size-medium wp-image-676\" title=\"Plex Nine\" src=\"http:\/\/blog.grigore.ro\/wp-content\/uploads\/2010\/08\/plex4-300x168.jpg\" alt=\"Plex Nine\" width=\"300\" height=\"168\" \/><\/a><a href=\"http:\/\/www.plexapp.com\/\"><\/a><\/p>\n<p style=\"text-align: center;\"><a href=\"http:\/\/www.plexapp.com\/\"><img loading=\"lazy\" class=\"aligncenter size-medium wp-image-677\" title=\"Plex Nine\" src=\"http:\/\/blog.grigore.ro\/wp-content\/uploads\/2010\/08\/plex5-300x173.jpg\" alt=\"plex Nine\" width=\"300\" height=\"173\" \/><\/a><\/p>\n","protected":false},"excerpt":{"rendered":"<p>Pentru aceia dintre Dvs. care utilizeaz\u0103 media-centere, fie ele rul\u00e2nd Windows, Linux sau OS X, o \u0219tire: Plex, faimos \u00een lumea utilizatorilor Apple, dar nu numai, pentru ceea ce face (adic\u0103 s\u0103-\u021bi transforme sufrageria \u00eentr-o adev\u0103rat\u0103 sal\u0103 de spectacol, fie c\u0103 vrei s\u0103 vezi filme de pe dvd, avi, mkv sau de pe Youtube, s\u0103 [&hellip;]<\/p>\n","protected":false},"author":1,"featured_media":0,"comment_status":"open","ping_status":"open","sticky":false,"template":"","format":"standard","meta":{"_et_pb_use_builder":"","_et_pb_old_content":"","jetpack_post_was_ever_published":false,"jetpack_publicize_message":"","jetpack_is_tweetstorm":false,"jetpack_publicize_feature_enabled":true,"jetpack_social_post_already_shared":false,"jetpack_social_options":{"image_generator_settings":{"template":"highway","enabled":false}}},"categories":[5],"tags":[57,88],"jetpack_publicize_connections":[],"jetpack_featured_media_url":"","jetpack_sharing_enabled":true,"jetpack_shortlink":"https:\/\/wp.me\/p5QsNR-aQ","jetpack-related-posts":[{"id":1250,"url":"https:\/\/insemnari.grigore.ro\/?p=1250","url_meta":{"origin":672,"position":0},"title":"10 cereri nesim\u021bite","date":"13\/07\/2011","format":false,"excerpt":"De fiecare dat\u0103 c\u00e2nd m\u0103 g\u00e2ndesc c\u0103 dl. Nichita \u0219i-a epuizat resursele de imagina\u021bie \u00een a \u00eencerca a ne lua de pro\u0219ti pe noi cet\u0103\u021benii, fiindc\u0103 \u00een aceast\u0103 calitate scriu aici, mai apare c\u00e2te o gogoa\u0219\u0103 \"emanat\u0103\" de d-sa. Ultima g\u0103selni\u021b\u0103 nichitist\u0103 \u00een materie de \"durea-m-ar pe mine de popula\u021bie,\u2026","rel":"","context":"In &quot;Politic\u0103&quot;","img":{"alt_text":"","src":"","width":0,"height":0},"classes":[]},{"id":714,"url":"https:\/\/insemnari.grigore.ro\/?p=714","url_meta":{"origin":672,"position":1},"title":"Despre Metro, numai de bine&#8230;","date":"14\/03\/2010","format":false,"excerpt":"Am revizitat ieri primul hipermarket deschis la Ia\u0219i, mai precis, acum aproape 9 ani (22 Martie 2001), a\u0219a cum scrie chiar pe site-ul firmei. Nu mai fusesem de ceva timp pe acolo. De fapt, la un moment dat am \u0219i fost sunat, mai \u00eent\u00e2i s\u0103 mi se comunice c\u0103 au\u2026","rel":"","context":"In &quot;Diverse&quot;","img":{"alt_text":"","src":"","width":0,"height":0},"classes":[]},{"id":1747,"url":"https:\/\/insemnari.grigore.ro\/?p=1747","url_meta":{"origin":672,"position":2},"title":"Nichita, cel mai tare \u00een&#8230; parcare&#8230;","date":"23\/01\/2012","format":false,"excerpt":"V\u0103d destul\u0103 agita\u021bie, \u00een urma \u0219edin\u021bei de ast\u0103zi a Consiliului Local, pe tema parc\u0103rii pe care vrea s\u0103 o fac\u0103 onor dl. primar taman sub parcul de la Teatru. Am scris \u0219i pe pagina mea de facebook un r\u0103spuns la articolul de pe newsiasi. \u00cel redau mai jos, cu unele\u2026","rel":"","context":"In &quot;Politic\u0103&quot;","img":{"alt_text":"","src":"","width":0,"height":0},"classes":[]},{"id":504,"url":"https:\/\/insemnari.grigore.ro\/?p=504","url_meta":{"origin":672,"position":3},"title":"Despre compromisuri \u0219i compromiteri&#8230; &#8211; articolul &#8211;","date":"22\/05\/2010","format":false,"excerpt":"Acest mic articol apare un pic mai t\u00e2rziu dec\u00e2t estimasem ini\u021bial, dar mai bine (cred eu) mai t\u00e2rziu dec\u00e2t deloc. \u00cen ciuda titlului un pic negativ, vreau s\u0103 \u00eencep cu o not\u0103 bun\u0103, de fapt una foarte bun\u0103, not\u0103 care cred c\u0103 trebuie oferit\u0103 D-nei senator Mihaela Popa. Vreau s-o\u2026","rel":"","context":"In &quot;Politic\u0103&quot;","img":{"alt_text":"","src":"","width":0,"height":0},"classes":[]},{"id":2292,"url":"https:\/\/insemnari.grigore.ro\/?p=2292","url_meta":{"origin":672,"position":4},"title":"Nu le e ru\u0219ine&#8230;","date":"19\/02\/2013","format":false,"excerpt":"Nu le e ru\u0219ine c\u0103 au defilat \u00een campaniile electorale cu aeroportul \u0219i autostrada drept promisiuni adresate ie\u0219enilor, iar acum vin doi indivizi (Ponta \u0219i \u0218ova), cu tupeul pe care deja li-l cunoa\u0219tem, s\u0103 ne sfideze \u0219i s\u0103 ne spun\u0103, unul c\u0103 \"nu exist\u0103 baza legal\u0103 pentru finan\u021barea aeroportului\", iar\u2026","rel":"","context":"In &quot;Politic\u0103&quot;","img":{"alt_text":"","src":"","width":0,"height":0},"classes":[]},{"id":1098,"url":"https:\/\/insemnari.grigore.ro\/?p=1098","url_meta":{"origin":672,"position":5},"title":"&#8220;Lucrurile importante au nevoie de timp&#8221; (ca s\u0103 se deterioreze \u0219i mai mult) 1","date":"18\/04\/2011","format":false,"excerpt":"Cred c\u0103 sunte\u021bi cu to\u021bii de acord c\u0103 str\u0103zile unui ora\u0219 sunt un lucru important, nu? \u0218i eu cred la fel. Dac\u0103 ar fi s\u0103 m\u0103 iau dup\u0103 dom' Nichita, fiind vorba de un lucru important, ar fi nevoie de timp, c\u0103 doar a\u0219a ne-a spus d-sa \u00een campania electoral\u0103\u2026","rel":"","context":"In &quot;Politic\u0103&quot;","img":{"alt_text":"","src":"","width":0,"height":0},"classes":[]}],"jetpack_likes_enabled":true,"_links":{"self":[{"href":"https:\/\/insemnari.grigore.ro\/index.php?rest_route=\/wp\/v2\/posts\/672"}],"collection":[{"href":"https:\/\/insemnari.grigore.ro\/index.php?rest_route=\/wp\/v2\/posts"}],"about":[{"href":"https:\/\/insemnari.grigore.ro\/index.php?rest_route=\/wp\/v2\/types\/post"}],"author":[{"embeddable":true,"href":"https:\/\/insemnari.grigore.ro\/index.php?rest_route=\/wp\/v2\/users\/1"}],"replies":[{"embeddable":true,"href":"https:\/\/insemnari.grigore.ro\/index.php?rest_route=%2Fwp%2Fv2%2Fcomments&post=672"}],"version-history":[{"count":0,"href":"https:\/\/insemnari.grigore.ro\/index.php?rest_route=\/wp\/v2\/posts\/672\/revisions"}],"wp:attachment":[{"href":"https:\/\/insemnari.grigore.ro\/index.php?rest_route=%2Fwp%2Fv2%2Fmedia&parent=672"}],"wp:term":[{"taxonomy":"category","embeddable":true,"href":"https:\/\/insemnari.grigore.ro\/index.php?rest_route=%2Fwp%2Fv2%2Fcategories&post=672"},{"taxonomy":"post_tag","embeddable":true,"href":"https:\/\/insemnari.grigore.ro\/index.php?rest_route=%2Fwp%2Fv2%2Ftags&post=672"}],"curies":[{"name":"wp","href":"https:\/\/api.w.org\/{rel}","templated":true}]}}