{"id":719,"date":"2011-02-14T15:59:28","date_gmt":"2011-02-14T13:59:28","guid":{"rendered":"http:\/\/jurnal.grigore.ro\/?p=715"},"modified":"2011-02-14T15:59:28","modified_gmt":"2011-02-14T13:59:28","slug":"are-cineva-moskvici","status":"publish","type":"post","link":"https:\/\/insemnari.grigore.ro\/?p=719","title":{"rendered":"Are cineva Moskvici? :)"},"content":{"rendered":"<p><a href=\"http:\/\/jurnal.grigore.ro\/?attachment_id=719\" rel=\"attachment wp-att-719\"><img loading=\"lazy\" src=\"http:\/\/jurnal.grigore.ro\/wp-content\/uploads\/2011\/02\/Moskvich_2-300x225.jpg\" alt=\"\" title=\"Moskvich_2\" width=\"300\" height=\"225\" class=\"alignleft size-medium wp-image-719\" \/><\/a> Auzit\u0103 zilele trecute de la un \u0219ofer ie\u0219ean exasperat de gropile din carosabil: &#8220;Dac\u0103 l-a\u0219 prinde pe Nichita, l-a\u0219 pune cu b\u0103rbia pe bordul unui Moskvici \u0219i l-a\u0219 plimba prin tot ora\u0219ul!&#8221;. M\u0103 rog, a\u0219a ar suna reproductibil pe o foaie de h\u00e2rtie (fie ea \u0219i electronic\u0103) ce a spus omul. Mda&#8230; dur, dar drept! Nu \u0219tiu de ce a vrut neap\u0103rat Moskvici, c\u0103 \u0219i o Dacie ar fi fost OK ca rezultat, de\u0219i la ce g\u0103uri sunt \u00een carosabilul din Ia\u0219i, doar vehiculul pe p\u00e2nz\u0103 de aer ar avea un efect mai bl\u00e2nd, dar deh, a fost op\u021biunea omului \u0219i trebuie respectat\u0103.<br \/>\n\u00cens\u0103 las&#8217; c\u0103 vine campania electoral\u0103 de la anul \u0219i ve\u021bi vedea iar cohortele de muncitori asfalt\u00e2nd \u00een ne\u0219tire p\u00e2n\u0103 \u0219i r\u0103d\u0103cinile copacilor (v\u0103 mai aminti\u021bi, dragi ie\u0219eni din T\u0103t\u0103ra\u0219i, de exemplu, ce viermuial\u0103 era \u00een 2008, anul \u00een care era &#8220;nevoie de timp&#8221;?).<br \/>\nP\u00e2n\u0103 atunci \u00eens\u0103, stima\u021bi cititori, are cineva un Moskvici? \ud83d\ude42<\/p>\n","protected":false},"excerpt":{"rendered":"<p>Auzit\u0103 zilele trecute de la un \u0219ofer ie\u0219ean exasperat de gropile din carosabil: &#8220;Dac\u0103 l-a\u0219 prinde pe Nichita, l-a\u0219 pune cu b\u0103rbia pe bordul unui Moskvici \u0219i l-a\u0219 plimba prin tot ora\u0219ul!&#8221;. M\u0103 rog, a\u0219a ar suna reproductibil pe o foaie de h\u00e2rtie (fie ea \u0219i electronic\u0103) ce a spus omul. Mda&#8230; dur, dar drept! [&hellip;]<\/p>\n","protected":false},"author":1,"featured_media":0,"comment_status":"open","ping_status":"open","sticky":false,"template":"","format":"standard","meta":{"_et_pb_use_builder":"","_et_pb_old_content":"","jetpack_post_was_ever_published":false,"jetpack_publicize_message":"","jetpack_is_tweetstorm":false,"jetpack_publicize_feature_enabled":true,"jetpack_social_post_already_shared":false,"jetpack_social_options":{"image_generator_settings":{"template":"highway","enabled":false}}},"categories":[3],"tags":[10],"jetpack_publicize_connections":[],"jetpack_featured_media_url":"","jetpack_sharing_enabled":true,"jetpack_shortlink":"https:\/\/wp.me\/p5QsNR-bB","jetpack-related-posts":[{"id":711,"url":"https:\/\/insemnari.grigore.ro\/?p=711","url_meta":{"origin":719,"position":0},"title":"Scrisoare deschis\u0103 c\u0103tre ie\u0219eni","date":"14\/02\/2010","format":false,"excerpt":"Am aflat cu surprindere de demersul efectuat de dl. Gheorghe Nichita, prin intermediul unei scrisori deschise, \u0219i anume de reclama\u021bia f\u0103cut\u0103 de d-sa primului ministru la adresa consilierilor locali PD-L care au avut \u201c\u00eendr\u0103zneala\u201d de a se fi ab\u021binut la votarea unui proiect viz\u00e2nd construc\u021bia unei autog\u0103ri \u00een municipiul Ia\u0219i.Surprinderea\u2026","rel":"","context":"In &quot;Politic\u0103&quot;","img":{"alt_text":"","src":"","width":0,"height":0},"classes":[]},{"id":1098,"url":"https:\/\/insemnari.grigore.ro\/?p=1098","url_meta":{"origin":719,"position":1},"title":"&#8220;Lucrurile importante au nevoie de timp&#8221; (ca s\u0103 se deterioreze \u0219i mai mult) 1","date":"18\/04\/2011","format":false,"excerpt":"Cred c\u0103 sunte\u021bi cu to\u021bii de acord c\u0103 str\u0103zile unui ora\u0219 sunt un lucru important, nu? \u0218i eu cred la fel. Dac\u0103 ar fi s\u0103 m\u0103 iau dup\u0103 dom' Nichita, fiind vorba de un lucru important, ar fi nevoie de timp, c\u0103 doar a\u0219a ne-a spus d-sa \u00een campania electoral\u0103\u2026","rel":"","context":"In &quot;Politic\u0103&quot;","img":{"alt_text":"","src":"","width":0,"height":0},"classes":[]},{"id":1250,"url":"https:\/\/insemnari.grigore.ro\/?p=1250","url_meta":{"origin":719,"position":2},"title":"10 cereri nesim\u021bite","date":"13\/07\/2011","format":false,"excerpt":"De fiecare dat\u0103 c\u00e2nd m\u0103 g\u00e2ndesc c\u0103 dl. Nichita \u0219i-a epuizat resursele de imagina\u021bie \u00een a \u00eencerca a ne lua de pro\u0219ti pe noi cet\u0103\u021benii, fiindc\u0103 \u00een aceast\u0103 calitate scriu aici, mai apare c\u00e2te o gogoa\u0219\u0103 \"emanat\u0103\" de d-sa. Ultima g\u0103selni\u021b\u0103 nichitist\u0103 \u00een materie de \"durea-m-ar pe mine de popula\u021bie,\u2026","rel":"","context":"In &quot;Politic\u0103&quot;","img":{"alt_text":"","src":"","width":0,"height":0},"classes":[]},{"id":343,"url":"https:\/\/insemnari.grigore.ro\/?p=343","url_meta":{"origin":719,"position":3},"title":"Ipocrizie m\u0103runt\u0103, marca Nichita","date":"01\/05\/2010","format":false,"excerpt":"Dl. Nichita \u0219i sf\u0103tuitorii (plus distribuitorii) d-sale \u00een ce prive\u0219te reac\u021biile pentru pres\u0103 \u0219i public au dat un mesaj de total\u0103 indignare proletar\u0103 ieri, acuz\u00e2ndu-ne pe noi, consilierii PDL, c\u0103 am \"sabotat\", ce altceva dec\u00e2t bine\u00een\u021beles, marota pre\u0219edintelui PSD de Bahlui (\u0219i Jijia), adic\u0103 \"proiectele Ia\u0219ului\". Citez: \"din cauza nep\u0103s\u0103rii\u2026","rel":"","context":"In &quot;Politic\u0103&quot;","img":{"alt_text":"","src":"","width":0,"height":0},"classes":[]},{"id":1003,"url":"https:\/\/insemnari.grigore.ro\/?p=1003","url_meta":{"origin":719,"position":4},"title":"Grija d-lui Nichita fa\u021b\u0103 de PDL","date":"30\/03\/2011","format":false,"excerpt":"Citesc aici \u0219i sunt impresionat, chiar \u00eenduio\u0219at, c\u0103 pe dl. Nichita \u00eel doare foarte tare faptul c\u0103 PDL nu face o nominalizare pentru postul de viceprimar r\u0103mas vacant \u00een urma demisiei mele. Nu \u0219tiu dac\u0103 doar el sufer\u0103 din cauza acestei decizii sau mai sunt \u0219i al\u021bii, dar a\u0219 comenta\u2026","rel":"","context":"In &quot;Politic\u0103&quot;","img":{"alt_text":"","src":"","width":0,"height":0},"classes":[]},{"id":365,"url":"https:\/\/insemnari.grigore.ro\/?p=365","url_meta":{"origin":719,"position":5},"title":"&#8220;O \u0219tampil\u0103&#8221; &#8211; continuare","date":"05\/05\/2010","format":false,"excerpt":"\"O \u0219tampil\u0103\". A\u0219a am aflat c\u0103 se nume\u0219te \"\u00een limbaj de specialitate\" un articol comandat. \u0218tiam de ceva vreme c\u0103 va veni. Poate chiar dinainte ca aceia c\u0103rora le-a fost comandat s\u0103 \u0219tie c\u0103 le va fi dat ordinul... Vreau de la bun \u00eenceput s\u0103 spun c\u0103 nu am niciun\u2026","rel":"","context":"In &quot;Politic\u0103&quot;","img":{"alt_text":"","src":"https:\/\/i0.wp.com\/blog.grigore.ro\/wp-content\/uploads\/2010\/05\/1990-300x215.jpg?resize=350%2C200","width":350,"height":200},"classes":[]}],"jetpack_likes_enabled":true,"_links":{"self":[{"href":"https:\/\/insemnari.grigore.ro\/index.php?rest_route=\/wp\/v2\/posts\/719"}],"collection":[{"href":"https:\/\/insemnari.grigore.ro\/index.php?rest_route=\/wp\/v2\/posts"}],"about":[{"href":"https:\/\/insemnari.grigore.ro\/index.php?rest_route=\/wp\/v2\/types\/post"}],"author":[{"embeddable":true,"href":"https:\/\/insemnari.grigore.ro\/index.php?rest_route=\/wp\/v2\/users\/1"}],"replies":[{"embeddable":true,"href":"https:\/\/insemnari.grigore.ro\/index.php?rest_route=%2Fwp%2Fv2%2Fcomments&post=719"}],"version-history":[{"count":0,"href":"https:\/\/insemnari.grigore.ro\/index.php?rest_route=\/wp\/v2\/posts\/719\/revisions"}],"wp:attachment":[{"href":"https:\/\/insemnari.grigore.ro\/index.php?rest_route=%2Fwp%2Fv2%2Fmedia&parent=719"}],"wp:term":[{"taxonomy":"category","embeddable":true,"href":"https:\/\/insemnari.grigore.ro\/index.php?rest_route=%2Fwp%2Fv2%2Fcategories&post=719"},{"taxonomy":"post_tag","embeddable":true,"href":"https:\/\/insemnari.grigore.ro\/index.php?rest_route=%2Fwp%2Fv2%2Ftags&post=719"}],"curies":[{"name":"wp","href":"https:\/\/api.w.org\/{rel}","templated":true}]}}