{"id":81,"date":"2008-03-01T19:29:00","date_gmt":"2008-03-01T19:29:00","guid":{"rendered":"http:\/\/bucovina.romedchim.com\/~grigore\/blog\/?p=11"},"modified":"2008-03-01T19:29:00","modified_gmt":"2008-03-01T19:29:00","slug":"habemus-candidatus-habemus-comarchus","status":"publish","type":"post","link":"https:\/\/insemnari.grigore.ro\/?p=81","title":{"rendered":"Habemus &#8220;candidatus&#8221;&#8230; habemus &#8220;comarchus&#8221;"},"content":{"rendered":"<p>Astazi s-a lansat site-ul D-lui Oprea. L-am studiat, iar ceea ce m-a impresionat cel mai mult (dovada ca m-am obosit sa deschid pagina de blog dupa o zi intreaga petrecuta pe drumuri) este textul de pe pagina intitulata &#8220;<a href=\"http:\/\/www.dumitruoprea.ro\/politicianul-proiecte_locale-sm3\">De ce cred in Iasi<\/a>&#8220;:<\/p>\n<p>&#8220;Ia\u015ful nu e un ora\u015f care s\u0103 se \u00eempiedice de ni\u015fte gropi doar pentru c\u0103 unii nu \u00eenceteaz\u0103 s\u0103 &#8220;dea \u00een ele&#8221;. M\u0103 doare s\u0103 \u00eemi vad ora\u015ful sufocat de incompeten\u0163\u0103 si indiferen\u0163\u0103. Voi veni \u00een fa\u0163a voastr\u0103 cu un program ambi\u0163ios. Un program care s\u0103 transforme Ia\u015ful dintr-o bijuterie ingropat\u0103 \u00eentr-o perl\u0103 vie a acestui col\u0163 al Europei, un loc \u00een care s\u0103 doreasc\u0103 oricine s\u0103 \u00eenve\u0163e, s\u0103 \u00ee\u015fi creasc\u0103 copiii, s\u0103 munceasc\u0103 \u015fi s\u0103 \u00eemb\u0103tr\u00e2neasc\u0103 frumos. <\/p>\n<p>Capitala Moldovei este un ora\u015f sugrumat, e un ora\u015f \u0163inut captiv \u00een lan\u0163urile mediocrit\u0103\u0163ii. Nu eu voi face revolu\u0163ia, ci voi. Pe voi v\u0103 chem s\u0103 rupe\u0163i lan\u0163urile care ne \u00eengreuneaz\u0103 drumul \u015fi ne \u0163in \u00een urma celorlal\u0163i.Pl\u0103tim \u00een mod cinstit taxe tot mai mari pentru ambi\u0163ii tot mai mici ale celor care ne conduc. Ne facem datoria fa\u0163\u0103 de un ora\u015f care nu este l\u0103sat s\u0103 \u00ee\u015fi fac\u0103 datoria fa\u0163\u0103 de noi. Rom\u00e2nia s-a \u00eentors \u00een Europa, iar Europa ne \u00eentinde o m\u00e2n\u0103. Doar c\u0103 a\u015fteapt\u0103 pe cineva care s\u0103 \u015ftie s\u0103 profite de ea. Nu vin s\u0103 v\u0103 promit marea cu sarea, pentru c\u0103 \u015fi marea \u015fi sarea sunt deja aici, doar p\u00e2inea \u015fi cu\u0163itul sunt pe m\u00e2ini gre\u015fite. <\/p>\n<p>\u00cencrederea pe care o cer ast\u0103zi ie\u015fenilor este \u00eencrederea \u00een ceea ce Ia\u015ful poate s\u0103 fac\u0103. Candidez deoarece cred in Ia\u015fi, cred \u00een ie\u015feni \u015fi \u00een dorin\u0163a lor de mai bine. <\/p>\n<p>Voi fi primarul care v\u0103 va face sa pute\u0163i spune, peste 4 ani, c\u0103 nu Oprea, ci Ia\u015ful a c\u00e2\u015ftigat alegerile.&#8221;<\/p>\n<p>Nu cred ca mai e nevoie de comentarii, dar cred ca vom putea spune la sfarsitul lui Mai, parafrazand sintagma folosita in momentul iesirii fumului alb pe hornul de la Vatican: &#8220;Habemus comarchus&#8221; - Avem primar!<\/p>\n","protected":false},"excerpt":{"rendered":"<p>Astazi s-a lansat site-ul D-lui Oprea. L-am studiat, iar ceea ce m-a impresionat cel mai mult (dovada ca m-am obosit sa deschid pagina de blog dupa o zi intreaga petrecuta pe drumuri) este textul de pe pagina intitulata &#8220;De ce cred in Iasi&#8220;: &#8220;Ia\u015ful nu e un ora\u015f care s\u0103 se \u00eempiedice de ni\u015fte gropi [&hellip;]<\/p>\n","protected":false},"author":1,"featured_media":0,"comment_status":"open","ping_status":"open","sticky":false,"template":"","format":"standard","meta":{"_et_pb_use_builder":"","_et_pb_old_content":"","jetpack_post_was_ever_published":false,"jetpack_publicize_message":"","jetpack_is_tweetstorm":false,"jetpack_publicize_feature_enabled":true,"jetpack_social_post_already_shared":false,"jetpack_social_options":{"image_generator_settings":{"template":"highway","enabled":false}}},"categories":[3],"tags":[],"jetpack_publicize_connections":[],"jetpack_featured_media_url":"","jetpack_sharing_enabled":true,"jetpack_shortlink":"https:\/\/wp.me\/p5QsNR-1j","jetpack-related-posts":[{"id":2380,"url":"https:\/\/insemnari.grigore.ro\/?p=2380","url_meta":{"origin":81,"position":0},"title":"Minciunile care-i ajung din urm\u0103","date":"19\/12\/2013","format":false,"excerpt":"Habemus buget, cel mai mare din istoria Ia\u0219ului\", declama domnul consilier M\u0103t\u0103saru prin martie 2013 (vezi aici). \"Buget istoric pentru Ia\u015fi \u00een 2013\" titra \u0219i presa de atunci lu\u00e2nd de bune cele tr\u00e2mbi\u021bate. Iar \"m\u0103re\u021bul\" buget a fost votat \"dup\u0103 critici firave \u0219i lipsite de substan\u021b\u0103 ale consilierului PDL Gabriel\u2026","rel":"","context":"In &quot;Politic\u0103&quot;","img":{"alt_text":"","src":"","width":0,"height":0},"classes":[]},{"id":2051,"url":"https:\/\/insemnari.grigore.ro\/?p=2051","url_meta":{"origin":81,"position":1},"title":"Pleca\u021bi odat\u0103 din ora\u0219ul nostru!","date":"02\/03\/2012","format":false,"excerpt":"Mai ieri am avut n\u0103me\u021bi l\u0103sa\u021bi doar \u00een grija soarelui. Ast\u0103zi avem patinoar. M\u00e2ine ne a\u0219teapt\u0103 gropile. Sunt n\u0103scut \u0219i am crescut \u00een Ia\u0219i, \u00een plus nu mai sunt deloc t\u00e2n\u0103r, a\u0219a c\u0103 am v\u0103zut de suficiente ori ora\u0219ul ie\u0219ind din iarn\u0103. Niciodat\u0103, dar repet, niciodat\u0103 Ia\u0219ul nu a ar\u0103tat\u2026","rel":"","context":"In &quot;Politic\u0103&quot;","img":{"alt_text":"","src":"","width":0,"height":0},"classes":[]},{"id":37,"url":"https:\/\/insemnari.grigore.ro\/?p=37","url_meta":{"origin":81,"position":2},"title":"Jocuri de imagine","date":"10\/03\/2010","format":false,"excerpt":"Colegul meu, dl. deputat Nicu\u0219or P\u0103duraru, mi-a luat vorbele din gur\u0103 (a\u0219a cum se spune) cu postarea sa de pe blogul personal.A\u0219a cum discutam \u0219i cu un prieten din pres\u0103, cred doar c\u0103 dl. Nichita vrea s\u0103-\u0219i creeze ceva de v\u00e2ndut. Ofensiva sa mediatic\u0103 din ultimele dou\u0103 zile denot\u0103 2\u2026","rel":"","context":"In &quot;Politic\u0103&quot;","img":{"alt_text":"","src":"","width":0,"height":0},"classes":[]},{"id":1055,"url":"https:\/\/insemnari.grigore.ro\/?p=1055","url_meta":{"origin":81,"position":3},"title":"Cifre \u0219i interpret\u0103ri","date":"05\/04\/2011","format":false,"excerpt":"Cotidianul \"Rom\u00e2nia Liber\u0103\" public\u0103 ast\u0103zi o analiz\u0103 interesant\u0103 a evolu\u021biei PIB-ului pe jude\u021be. Uit\u00e2ndu-ne la harta care descrie starea actual\u0103 a valorii PIB pe zone, putem face o harta a bun\u0103st\u0103rii, dar totodat\u0103, cred eu, \u0219i a h\u0103rniciei \u0219i a bunei administr\u0103ri a diverselor unit\u0103\u021bi administrative. La o prim\u0103 vedere\u2026","rel":"","context":"In &quot;Politic\u0103&quot;","img":{"alt_text":"","src":"https:\/\/i0.wp.com\/jurnal.grigore.ro\/wp-content\/uploads\/2011\/04\/harta-300x221.png?resize=350%2C200","width":350,"height":200},"classes":[]},{"id":628,"url":"https:\/\/insemnari.grigore.ro\/?p=628","url_meta":{"origin":81,"position":4},"title":"De ce dreapta?","date":"12\/07\/2010","format":false,"excerpt":"Fiindc\u0103 e majoritar\u0103 \u00een Ia\u0219i de foarte mult timp. St\u00e2nga, adic\u0103 PSD, nu a fost dec\u00e2t un profitor de conjunctur\u0103 la conducerea Ia\u0219ului. Din p\u0103cate \"domnia\" PSD a l\u0103sat brazde ad\u00e2nci pe obrajii b\u0103tr\u00e2nului nostru ora\u0219. L-a umilit, l-a adus la condi\u021bia de a-\u0219i cer\u0219i propria demnitate, ca un b\u0103tr\u00e2n\u2026","rel":"","context":"In &quot;Politic\u0103&quot;","img":{"alt_text":"","src":"","width":0,"height":0},"classes":[]},{"id":1256,"url":"https:\/\/insemnari.grigore.ro\/?p=1256","url_meta":{"origin":81,"position":5},"title":"Final de vacan\u021b\u0103","date":"31\/08\/2011","format":false,"excerpt":"\u0218i fiindc\u0103 tot a fost perioada concediilor, c\u00e2teva mici concluzii dup\u0103 drumurile f\u0103cute \u00een aceast\u0103 vacan\u021b\u0103 \u00een \u021bar\u0103 \u0219i \u00een afara ei... 1) P\u00e2n\u0103 nu vom avea autostr\u0103zi nu vom conta. \u00cen nici un domeniu pe care \u00eel dorim a se dezvolta, fie c\u0103 vorbim de turism, de industrie, de\u2026","rel":"","context":"In &quot;Diverse&quot;","img":{"alt_text":"","src":"","width":0,"height":0},"classes":[]}],"jetpack_likes_enabled":true,"_links":{"self":[{"href":"https:\/\/insemnari.grigore.ro\/index.php?rest_route=\/wp\/v2\/posts\/81"}],"collection":[{"href":"https:\/\/insemnari.grigore.ro\/index.php?rest_route=\/wp\/v2\/posts"}],"about":[{"href":"https:\/\/insemnari.grigore.ro\/index.php?rest_route=\/wp\/v2\/types\/post"}],"author":[{"embeddable":true,"href":"https:\/\/insemnari.grigore.ro\/index.php?rest_route=\/wp\/v2\/users\/1"}],"replies":[{"embeddable":true,"href":"https:\/\/insemnari.grigore.ro\/index.php?rest_route=%2Fwp%2Fv2%2Fcomments&post=81"}],"version-history":[{"count":0,"href":"https:\/\/insemnari.grigore.ro\/index.php?rest_route=\/wp\/v2\/posts\/81\/revisions"}],"wp:attachment":[{"href":"https:\/\/insemnari.grigore.ro\/index.php?rest_route=%2Fwp%2Fv2%2Fmedia&parent=81"}],"wp:term":[{"taxonomy":"category","embeddable":true,"href":"https:\/\/insemnari.grigore.ro\/index.php?rest_route=%2Fwp%2Fv2%2Fcategories&post=81"},{"taxonomy":"post_tag","embeddable":true,"href":"https:\/\/insemnari.grigore.ro\/index.php?rest_route=%2Fwp%2Fv2%2Ftags&post=81"}],"curies":[{"name":"wp","href":"https:\/\/api.w.org\/{rel}","templated":true}]}}