{"id":82,"date":"2008-03-21T16:54:00","date_gmt":"2008-03-21T16:54:00","guid":{"rendered":"http:\/\/bucovina.romedchim.com\/~grigore\/blog\/?p=12"},"modified":"2008-03-21T16:54:00","modified_gmt":"2008-03-21T16:54:00","slug":"menajeria-online","status":"publish","type":"post","link":"https:\/\/insemnari.grigore.ro\/?p=82","title":{"rendered":"Menajeria online"},"content":{"rendered":"<p>Azi, foarte pe scurt despre comentariile din presa on-line&#8230; Mai bine zis despre iadul care se dezlantuie in urma cate unui articol care ataca, de cele mai multe ori, o tema politica sau usor politizabila&#8230;<br \/>Eu unul nu am scris, recunosc, niciodata vreun mesaj in listele respective, dar le-am citit o buna bucata de vreme, si inca o mai fac uneori, pana cand am reusit sa clasez, zic eu cat de cat exact, tipurile de autori&#8230;<br \/>Cum vad eu tipologia scriitorilor online:<br \/>- &#8220;<span style=\"font-weight: bold;\">simbriasii<\/span>&#8221; - e sau nu nevoie de o parere, ei sunt acolo, fiindca sunt pusi sa o faca. La ei se vede clar stilul profesionalizat (dar aproape niciodata profesionist, precum al prostituatelor care promit placeri uluitoare uitandu-se scarbite la client) de a pompa informatii false sau deformate, de a improsca cu noroi sau alte materiale inchise la culoare in subiectul articolului sau in oponentul acestuia&#8230; Ei sunt aidoma celor din serviciile secrete: &#8220;trebuie sa fim acolo, fiindca toti ceilalti sunt si ei prezenti&#8221;. Fiind atat de prezenti in fenomen, ajung sa se cunoasca (sau asa cred ei) cu adversarii lor, din cand in cand isi mai fura identitatile, si duc acest permanent razboi de guerilla folosindu-i drept &#8220;carne de tun&#8221; pe cei din categoriile pe care le voi descrie mai jos;<br \/>- <span style=\"font-weight: bold;\">oamenii onesti<\/span> <span style=\"font-weight: bold;\">si competenti<\/span> - de cele mai multe ori abia luand contact cu fenomenul, rataciti in jungla online, si care de cele mai multe ori descopera inspaimantati reactiile imunde pe care le primesc la niste comentarii pe care ei le considerau de bun-simt&#8230;<br \/>- &#8220;<span style=\"font-weight: bold;\">habarnistii<\/span>&#8221; - la fel de nevinovati ca si cei de mai sus, dar agramati si incompetenti;<br \/>- &#8220;<span style=\"font-weight: bold;\">psihopatii si sociopatii online<\/span>&#8221; - o categorie pe care o vad in crestere numerica, stimulata de anonimatul conferit de acest stil de comunicare si ale carei resurse de umor involuntar si aberatii sunt absolut remarcabile&#8230; De altfel, sunt convins ca cei mai multi dintre ei sufera de sindromul dependentei de internet, care tinde sa devina unanim acceptat ca maladie psihica. Pentru mine, cel mai elocvent caz e al unuia, al carui post spunea, pur si simplu: &#8220;Hahahahahaha!!!!!!!!! Am fost primul!!!&#8221;&#8230; Era tot ce conta pentru el&#8230;<br \/>Saptamana viitoare, in afara restantelor pe care le am cu continuarile povestilor deja incepute, voi incerca sa ma ocup de psihologia nick-name-urilor, asa cum o vad eu&#8230;<\/p>\n","protected":false},"excerpt":{"rendered":"<p>Azi, foarte pe scurt despre comentariile din presa on-line&#8230; Mai bine zis despre iadul care se dezlantuie in urma cate unui articol care ataca, de cele mai multe ori, o tema politica sau usor politizabila&#8230;Eu unul nu am scris, recunosc, niciodata vreun mesaj in listele respective, dar le-am citit o buna bucata de vreme, si [&hellip;]<\/p>\n","protected":false},"author":1,"featured_media":0,"comment_status":"open","ping_status":"open","sticky":false,"template":"","format":"standard","meta":{"_et_pb_use_builder":"","_et_pb_old_content":"","jetpack_post_was_ever_published":false,"jetpack_publicize_message":"","jetpack_is_tweetstorm":false,"jetpack_publicize_feature_enabled":true,"jetpack_social_post_already_shared":false,"jetpack_social_options":{"image_generator_settings":{"template":"highway","enabled":false}}},"categories":[6],"tags":[],"jetpack_publicize_connections":[],"jetpack_featured_media_url":"","jetpack_sharing_enabled":true,"jetpack_shortlink":"https:\/\/wp.me\/p5QsNR-1k","jetpack-related-posts":[{"id":504,"url":"https:\/\/insemnari.grigore.ro\/?p=504","url_meta":{"origin":82,"position":0},"title":"Despre compromisuri \u0219i compromiteri&#8230; &#8211; articolul &#8211;","date":"22\/05\/2010","format":false,"excerpt":"Acest mic articol apare un pic mai t\u00e2rziu dec\u00e2t estimasem ini\u021bial, dar mai bine (cred eu) mai t\u00e2rziu dec\u00e2t deloc. \u00cen ciuda titlului un pic negativ, vreau s\u0103 \u00eencep cu o not\u0103 bun\u0103, de fapt una foarte bun\u0103, not\u0103 care cred c\u0103 trebuie oferit\u0103 D-nei senator Mihaela Popa. Vreau s-o\u2026","rel":"","context":"In &quot;Politic\u0103&quot;","img":{"alt_text":"","src":"","width":0,"height":0},"classes":[]},{"id":580,"url":"https:\/\/insemnari.grigore.ro\/?p=580","url_meta":{"origin":82,"position":1},"title":"Domnului C\u00e2rlan, cu prietenie","date":"30\/05\/2010","format":false,"excerpt":"Dl. C\u00e2rlan folose\u0219te un pretext simplu, cel al semn\u0103rii peti\u021biei lui C\u0103t\u0103lin Toma cu un nume fals asumat, pentru a-\u0219i manifesta pentru prima dat\u0103 pozi\u021bia fa\u021b\u0103 de numirea \u00een CODA de la PDL Ia\u0219i a unor nume ce nu au ce c\u0103uta acolo. E p\u0103rerea mea \u0219i mi-o men\u021bin indiferent\u2026","rel":"","context":"In &quot;Politic\u0103&quot;","img":{"alt_text":"","src":"","width":0,"height":0},"classes":[]},{"id":1507,"url":"https:\/\/insemnari.grigore.ro\/?p=1507","url_meta":{"origin":82,"position":2},"title":"1 Decembrie","date":"02\/12\/2011","format":false,"excerpt":"Ieri, mai to\u021bi rom\u00e2nii am s\u0103rb\u0103torit, care mai de care mai original sau nu, Ziua Na\u021bional\u0103. \u00cen ce prive\u0219te Ia\u0219ul, aproape toate comentariile au fost cam acelea\u0219i: la Ia\u0219i aceast\u0103 zi a fost \"cenu\u0219ie\", \"s\u0103rac\u0103 \u00een idei\", \"modest\u0103\". P\u0103reri la care subscriu \u0219i eu. Iulian Micu, \u00een postarea sa, d\u0103\u2026","rel":"","context":"In &quot;Politic\u0103&quot;","img":{"alt_text":"","src":"https:\/\/i0.wp.com\/jurnal.grigore.ro\/wp-content\/uploads\/2011\/12\/324315_314065501956542_100000592840876_1195675_360534187_o-300x225.jpg?resize=350%2C200","width":350,"height":200},"classes":[]},{"id":2093,"url":"https:\/\/insemnari.grigore.ro\/?p=2093","url_meta":{"origin":82,"position":3},"title":"Ora adev\u0103rului","date":"28\/03\/2012","format":false,"excerpt":"Scriam acum mai bine de doi ani despre nevoia a dou\u0103 reforme majore. Ambele necesar a fi realizate \u00een timpul celui de-al doilea mandat al lui Traian B\u0103sescu: cea a justi\u021biei \u0219i cea a partidului de guvern\u0103m\u00e2nt (PDL, dar acest lucru e valabil \u0219i pentru orice alt partid s-ar afla\u2026","rel":"","context":"In &quot;Politic\u0103&quot;","img":{"alt_text":"","src":"https:\/\/i0.wp.com\/jurnal.grigore.ro\/wp-content\/uploads\/2012\/03\/harta-300x248.png?resize=350%2C200","width":350,"height":200},"classes":[]},{"id":1137,"url":"https:\/\/insemnari.grigore.ro\/?p=1137","url_meta":{"origin":82,"position":4},"title":"Cum s-a &#8220;babardit&#8221; televiziunea \u00een Rom\u00e2nia&#8230;","date":"18\/04\/2011","format":false,"excerpt":"Recunosc sincer c\u0103 nu m-am mai uitat de mult timp la posturile rom\u00e2ne\u0219ti de televiziune, prin \"rom\u00e2ne\u0219ti\" \u00een\u021beleg\u00e2nd acele posturi care nu sunt retransmisii subtitrate sau dublate ale unor posturi din str\u0103in\u0103tate. \u0218i evit constant contactul cu TV-urile autohtone de aproximativ 2 ani, cam de c\u00e2nd a \u00eenceput s-o ia\u2026","rel":"","context":"In &quot;Diverse&quot;","img":{"alt_text":"","src":"","width":0,"height":0},"classes":[]},{"id":244,"url":"https:\/\/insemnari.grigore.ro\/?p=244","url_meta":{"origin":82,"position":5},"title":"Scurt\u0103 replic\u0103","date":"07\/04\/2010","format":false,"excerpt":"V\u0103d c\u0103\u00a0postarea mea (mai precis finalul ei) a generat o emula\u021bie pe care nu a\u0219 fi b\u0103nuit-o :) \u00cen primul r\u00e2nd o l\u0103murire: dac\u0103 mi s-ar fi r\u0103spuns la \u00eentrebare \u00een \u0219edin\u021ba de CL, poate n-ar fi fost nevoie s\u0103 speculez. Drag\u0103 d-le Danga, probabil c\u0103 a deranjat mai mult\u2026","rel":"","context":"In &quot;Politic\u0103&quot;","img":{"alt_text":"","src":"","width":0,"height":0},"classes":[]}],"jetpack_likes_enabled":true,"_links":{"self":[{"href":"https:\/\/insemnari.grigore.ro\/index.php?rest_route=\/wp\/v2\/posts\/82"}],"collection":[{"href":"https:\/\/insemnari.grigore.ro\/index.php?rest_route=\/wp\/v2\/posts"}],"about":[{"href":"https:\/\/insemnari.grigore.ro\/index.php?rest_route=\/wp\/v2\/types\/post"}],"author":[{"embeddable":true,"href":"https:\/\/insemnari.grigore.ro\/index.php?rest_route=\/wp\/v2\/users\/1"}],"replies":[{"embeddable":true,"href":"https:\/\/insemnari.grigore.ro\/index.php?rest_route=%2Fwp%2Fv2%2Fcomments&post=82"}],"version-history":[{"count":0,"href":"https:\/\/insemnari.grigore.ro\/index.php?rest_route=\/wp\/v2\/posts\/82\/revisions"}],"wp:attachment":[{"href":"https:\/\/insemnari.grigore.ro\/index.php?rest_route=%2Fwp%2Fv2%2Fmedia&parent=82"}],"wp:term":[{"taxonomy":"category","embeddable":true,"href":"https:\/\/insemnari.grigore.ro\/index.php?rest_route=%2Fwp%2Fv2%2Fcategories&post=82"},{"taxonomy":"post_tag","embeddable":true,"href":"https:\/\/insemnari.grigore.ro\/index.php?rest_route=%2Fwp%2Fv2%2Ftags&post=82"}],"curies":[{"name":"wp","href":"https:\/\/api.w.org\/{rel}","templated":true}]}}