{"id":85,"date":"2008-04-01T14:31:00","date_gmt":"2008-04-01T14:31:00","guid":{"rendered":"http:\/\/bucovina.romedchim.com\/~grigore\/blog\/?p=15"},"modified":"2008-04-01T14:31:00","modified_gmt":"2008-04-01T14:31:00","slug":"feri%c8%9bi-va-de-pacalici","status":"publish","type":"post","link":"https:\/\/insemnari.grigore.ro\/?p=85","title":{"rendered":"Feri\u021bi-v\u0103 de P\u0103c\u0103lici!"},"content":{"rendered":"<p>C\u0103 tot vorbeam de luna (de fapt cele dou\u0103 luni, dac\u0103 includem \u0219i campania propriu-zis\u0103) de p\u0103c\u0103leli (pre-)electorale, iat\u0103 \u00eenc\u0103 un demers pentru a ne ap\u0103ra: proiectul \u201eFere\u0219te-te de P\u0103c\u0103lici\u201d:<\/p>\n<p><span style=\"font-style: italic;\">                                   <span style=\"font-weight: bold;\"> Fere\u015fte-te de P\u0103c\u0103lici !<\/span><\/span> <span style=\"font-style: italic;\">                               O campanie pentru vigilen\u0163\u0103 civic\u0103<\/span> <span style=\"font-style: italic;\">                         lansat\u0103 de Partidul Democrat Liberal Ia\u015fi<br \/><\/span><span style=\"font-style: italic;\"><br \/>Organiza\u0163ia Municipal\u0103 a Partidului Democrat - Liberal lanseaz\u0103 ast\u0103zi, 1 aprilie<\/span> <span style=\"font-style: italic;\">2008, campania pentru vigilen\u0163\u0103 civic\u0103 \u201cFere\u015fte-te de P\u0103c\u0103lici !\u201d.<\/span><\/p>\n<p><span style=\"font-style: italic; font-weight: bold;\">De ce \u201cP\u0103c\u0103lici\u201d?<\/span> <span style=\"font-style: italic;\">       Pentru c\u0103 ceea ce se \u00eent\u00e2mpl\u0103 \u00een Ia\u015fi acum, la inceput de an electoral, seam\u0103n\u0103 cu un vechi \u015fi drag joc de c\u0103r\u0163i din copil\u0103rie.<\/span> <span style=\"font-style: italic;\">       V\u0103 aduce\u0163i aminte? <span>Cine alege P\u0103c\u0103liciul \u015fi r\u0103m\u00e2ne cu el, pierde jocul!<\/span><\/span> <span style=\"font-style: italic;\">       Peste dou\u0103 luni, partidele politice \u015fi candida\u0163ii acestora vor trebui s\u0103 pun\u0103 c\u0103r\u0163ile pe mas\u0103 \u00een \u201cjocul\u201d cu electoratul. Iar noi <span style=\"font-weight: bold;\">nu vrem ca ie\u015fenii s\u0103 trag\u0103 din nou cartea f\u0103r\u0103 noroc<\/span>, s\u0103 r\u0103m\u00e2n\u0103 cu \u201cP\u0103c\u0103liciul\u201d \u00een m\u00e2n\u0103 \u015fi s\u0103 piard\u0103 jocul pentru \u00eenc\u0103 patru ani.<\/span><span style=\"font-style: italic;\"><br \/><\/span><br \/><span style=\"font-style: italic;\"><span style=\"font-weight: bold;\">Vom organiza s\u0103pt\u0103m\u00e2nal ac\u0163iuni publice<\/span> \u00een car<\/span><span style=\"font-style: italic;\">e vom invita cet\u0103\u0163enii Ia\u015fului \u015fi mass-media s\u0103 viziteze \u00eempreun\u0103 cu noi ceea ce consider\u0103m a fi \u201c\u015fantierele electorale\u201d ale primarului Gheorghe Nichita. Le vom marca, evident, cu \u201cP\u0103c\u0103liciul\u201d.<\/span> <span style=\"font-style: italic;\">       De asemenea, vom marca cu \u201cP\u0103c\u0103liciul\u201d ac\u0163iunile prin care se \u00eencearc\u0103 mituirea<\/span> <span style=\"font-style: italic;\">votan\u0163ilor ie\u015feni folosind propriii lor bani.<\/span><\/p>\n<p><span style=\"font-style: italic;\">       Nu \u00een ultimul r\u00e2nd, <span style=\"font-weight: bold;\">vom pune \u00een eviden\u0163\u0103 <\/span><\/span><span style=\"font-style: italic;\"><span style=\"font-weight: bold;\">p\u0103c\u0103lelile<\/span> administrate ie\u015fenilor, de c\u0103tre<\/span> <span style=\"font-style: italic;\">domnul Nichita, \u00een campania electoral\u0103 din 2004, prin promisiunile r\u0103mase \u015fi ast\u0103zi f\u0103r\u0103 acoperire.<\/span> <span style=\"font-style: italic;\">       Ast\u0103zi, \u00een Prim\u0103ria Ia\u015fi, minciuna are picioarele scurte \u015fi m\u00e2inile pe c\u00e2t de lungi, pe at\u00e2t de ad\u00e2nc \u00eenfipte \u00een banul public.<br \/><\/span><a onblur=\"try {parent.deselectBloggerImageGracefully();} catch(e) {}\" href=\"http:\/\/1.bp.blogspot.com\/_d2JabK-MTIk\/R_JNVayHmGI\/AAAAAAAAABU\/T5oVQsG5w4E\/s1600-h\/pacalici.jpg\"><img style=\"margin: 0px auto 10px; display: block; text-align: center; cursor: pointer;\" src=\"http:\/\/1.bp.blogspot.com\/_d2JabK-MTIk\/R_JNVayHmGI\/AAAAAAAAABU\/T5oVQsG5w4E\/s320\/pacalici.jpg\" alt=\"\" id=\"BLOGGER_PHOTO_ID_5184291151418988642\" border=\"0\" \/><\/a><span style=\"font-style: italic;\"><span style=\"font-weight: bold;\">Ia\u015ful nostru e mizer, plin de datorii \u015fi de praful adunat<\/span> cu meticulozitate vreme de aproape 5 ani, praf aruncat acum \u00een ochii ie\u015fenilor, sub form\u0103 de promisiuni \u015fi p\u0103c\u0103leli.<\/span><\/p>\n<div style=\"text-align: left;\"><span style=\"font-style: italic;\">Campania \u201cFere\u015fte-te de P\u0103c\u0103lici !\u201d este o invita\u0163ie deschis\u0103, lansat\u0103 ie\u015fenilor \u015fi celor din mass-media, la vigilen\u0163\u0103 \u015fi atitudine civic\u0103.<\/span> <span style=\"font-style: italic; font-weight: bold;\">       Intra\u0163i \u00een joc \u015fi feri\u0163i-v\u0103 de \u201cP\u0103c\u0103lici\u201d !<\/span>  <span style=\"font-style: italic;\">                                            <span style=\"font-weight: bold;\"><\/p>\n<p>Pre\u015fedinte Organiza\u021bia Municipal\u0103 PDL Ia\u0219i,<\/span><\/span><br \/><span style=\"font-style: italic; font-weight: bold;\">Deputat European<\/span><br \/><span style=\"font-style: italic; font-weight: bold;\">prof. univ. dr. Dumitru Oprea<\/span>  <\/div>\n","protected":false},"excerpt":{"rendered":"<p>C\u0103 tot vorbeam de luna (de fapt cele dou\u0103 luni, dac\u0103 includem \u0219i campania propriu-zis\u0103) de p\u0103c\u0103leli (pre-)electorale, iat\u0103 \u00eenc\u0103 un demers pentru a ne ap\u0103ra: proiectul \u201eFere\u0219te-te de P\u0103c\u0103lici\u201d: Fere\u015fte-te de P\u0103c\u0103lici ! O campanie pentru vigilen\u0163\u0103 civic\u0103 lansat\u0103 de Partidul Democrat Liberal Ia\u015fiOrganiza\u0163ia Municipal\u0103 a Partidului Democrat &#8211; Liberal lanseaz\u0103 ast\u0103zi, 1 aprilie [&hellip;]<\/p>\n","protected":false},"author":1,"featured_media":0,"comment_status":"open","ping_status":"open","sticky":false,"template":"","format":"standard","meta":{"_et_pb_use_builder":"","_et_pb_old_content":"","jetpack_post_was_ever_published":false,"jetpack_publicize_message":"","jetpack_is_tweetstorm":false,"jetpack_publicize_feature_enabled":true,"jetpack_social_post_already_shared":false,"jetpack_social_options":{"image_generator_settings":{"template":"highway","enabled":false}}},"categories":[3],"tags":[],"jetpack_publicize_connections":[],"jetpack_featured_media_url":"","jetpack_sharing_enabled":true,"jetpack_shortlink":"https:\/\/wp.me\/p5QsNR-1n","jetpack-related-posts":[{"id":2024,"url":"https:\/\/insemnari.grigore.ro\/?p=2024","url_meta":{"origin":85,"position":0},"title":"Vre\u021bi \u00een politic\u0103?&#8230; (partea a II-a)","date":"23\/02\/2012","format":false,"excerpt":"Ca un f\u0103cut, dup\u0103 ce vorbeam ieri sear\u0103 despre dezavantajele pe care trebuie s\u0103 \u0219i le asume \u00een mod firesc oricine are dorin\u021ba de a activa politic la un nivel c\u00e2t de c\u00e2t vizibil (aten\u021bia public\u0103 orientat\u0103 c\u0103tre propria persoan\u0103, atenuarea sau dispari\u021bia total\u0103 a intimit\u0103\u021bii vie\u021bii de zi cu\u2026","rel":"","context":"In &quot;Politic\u0103&quot;","img":{"alt_text":"","src":"","width":0,"height":0},"classes":[]},{"id":1405,"url":"https:\/\/insemnari.grigore.ro\/?p=1405","url_meta":{"origin":85,"position":1},"title":"Un semnal de alarm\u0103&#8230;","date":"06\/12\/2011","format":false,"excerpt":"Azi a\u0219 vrea s\u0103 m\u0103 \u00eentorc un pic la chestiunile noastre cele de toate zilele, mai bine spus la ceea ce se mai \u00eent\u00e2mpl\u0103 \u0219i se mai vede prin ora\u0219... Lucr\u0103rile din Copou - \u0219i am s\u0103 m\u0103 refer aici nu la cele de la liniile de tramvai de pe\u2026","rel":"","context":"In &quot;Politic\u0103&quot;","img":{"alt_text":"","src":"","width":0,"height":0},"classes":[]},{"id":299,"url":"https:\/\/insemnari.grigore.ro\/?p=299","url_meta":{"origin":85,"position":2},"title":"Tragedie \u00een Polonia, r\u0103utate \u0219i stupiditate la noi&#8230;","date":"10\/04\/2010","format":false,"excerpt":"Azi s-a petrecut una din cele mai mari tragedii ale unei \u021b\u0103ri europene de dup\u0103 al II-lea r\u0103zboi mondial. Faptul c\u0103 o \u00eentreag\u0103 serie de oameni importan\u021bi, \u00eencep\u00e2nd cu pre\u0219edintele \u021b\u0103rii \u0219i \u0219eful Statului Major al armatei poloneze, plus, din c\u00e2te se pare \u0219i al\u021bi \u0219efi ai unor partide poloneze\u2026","rel":"","context":"In &quot;Politic\u0103&quot;","img":{"alt_text":"","src":"https:\/\/i0.wp.com\/blog.grigore.ro\/wp-content\/uploads\/2010\/04\/lech-kaczynski-241x300.png?resize=350%2C200","width":350,"height":200},"classes":[]},{"id":88,"url":"https:\/\/insemnari.grigore.ro\/?p=88","url_meta":{"origin":85,"position":3},"title":"Revenire dup\u0103 o lung\u0103 pauz\u0103","date":"21\/05\/2008","format":false,"excerpt":"A \u00eenceput campania! De fapt, se apropie de ultima turnant\u0103, de\u0219i mai sunt \u00eenc\u0103 9 zile lungi de tot, fiecare ad\u0103ug\u00e2nd c\u00e2te ceva la economia asta ciudat\u0103 care are bilan\u021bul la sfar\u0219itul zilei de vot...Ce am v\u0103zut pana acum: un Adomni\u021bei relaxat, ca orice candidat care \u0219tie c\u0103 nu are\u2026","rel":"","context":"In &quot;Politic\u0103&quot;","img":{"alt_text":"","src":"","width":0,"height":0},"classes":[]},{"id":461,"url":"https:\/\/insemnari.grigore.ro\/?p=461","url_meta":{"origin":85,"position":4},"title":"Devine Apple un fel de Microsoft 2?","date":"14\/05\/2010","format":false,"excerpt":"\u0218i fiindc\u0103 tot vorbeam de Apple \u0219i de c\u00e2t sunt eu de ata\u0219at de ceea ce fabric\u0103 ace\u0219tia, nu pot s\u0103 nu fiu receptiv (sau cu at\u00e2t mai mult) la criticile care li se aduc. Iat\u0103 mai jos un exemplu de critic\u0103 f\u0103cut\u0103, cum altfel dec\u00e2t cu mult umor, de\u2026","rel":"","context":"In &quot;Tehnologie&quot;","img":{"alt_text":"","src":"","width":0,"height":0},"classes":[]},{"id":713,"url":"https:\/\/insemnari.grigore.ro\/?p=713","url_meta":{"origin":85,"position":5},"title":"SSD &#8211; upgrade-ul ideal pentru un laptop","date":"12\/03\/2010","format":false,"excerpt":"Despre SSD (Solid State Drive\/s). Cel mai bun upgrade, m\u0103car \u00een ceea ce prive\u0219te un laptop.","rel":"","context":"In &quot;Tehnologie&quot;","img":{"alt_text":"","src":"https:\/\/i0.wp.com\/jurnal.grigore.ro\/wp-content\/uploads\/2010\/03\/SSD.jpg?resize=350%2C200","width":350,"height":200},"classes":[]}],"jetpack_likes_enabled":true,"_links":{"self":[{"href":"https:\/\/insemnari.grigore.ro\/index.php?rest_route=\/wp\/v2\/posts\/85"}],"collection":[{"href":"https:\/\/insemnari.grigore.ro\/index.php?rest_route=\/wp\/v2\/posts"}],"about":[{"href":"https:\/\/insemnari.grigore.ro\/index.php?rest_route=\/wp\/v2\/types\/post"}],"author":[{"embeddable":true,"href":"https:\/\/insemnari.grigore.ro\/index.php?rest_route=\/wp\/v2\/users\/1"}],"replies":[{"embeddable":true,"href":"https:\/\/insemnari.grigore.ro\/index.php?rest_route=%2Fwp%2Fv2%2Fcomments&post=85"}],"version-history":[{"count":0,"href":"https:\/\/insemnari.grigore.ro\/index.php?rest_route=\/wp\/v2\/posts\/85\/revisions"}],"wp:attachment":[{"href":"https:\/\/insemnari.grigore.ro\/index.php?rest_route=%2Fwp%2Fv2%2Fmedia&parent=85"}],"wp:term":[{"taxonomy":"category","embeddable":true,"href":"https:\/\/insemnari.grigore.ro\/index.php?rest_route=%2Fwp%2Fv2%2Fcategories&post=85"},{"taxonomy":"post_tag","embeddable":true,"href":"https:\/\/insemnari.grigore.ro\/index.php?rest_route=%2Fwp%2Fv2%2Ftags&post=85"}],"curies":[{"name":"wp","href":"https:\/\/api.w.org\/{rel}","templated":true}]}}