{"id":86,"date":"2008-04-02T07:27:00","date_gmt":"2008-04-02T07:27:00","guid":{"rendered":"http:\/\/bucovina.romedchim.com\/~grigore\/blog\/?p=16"},"modified":"2008-04-02T07:27:00","modified_gmt":"2008-04-02T07:27:00","slug":"yo-ja-yo","status":"publish","type":"post","link":"https:\/\/insemnari.grigore.ro\/?p=86","title":{"rendered":"yo, ja, yo"},"content":{"rendered":"<p>Am primit pe mail de la <a href=\"http:\/\/catalintoma.blogspot.com\/\">Catalin<\/a>, un link c\u0103tre un filmule\u021b extrem de nostim. \u00cel pun \u0219i eu aici, comentariile, sau dup\u0103 caz, hohotele de r\u00e2s v\u0103 apar\u021bin&#8230;<\/p>\n<div style=\"text-align: center;\"><object width=\"320\" height=\"266\" class=\"BLOG_video_class\" id=\"BLOG_video-84581abc97cf0be9\" classid=\"clsid:D27CDB6E-AE6D-11cf-96B8-444553540000\" codebase=\"http:\/\/download.macromedia.com\/pub\/shockwave\/cabs\/flash\/swflash.cab#version=6,0,40,0\"><param name=\"movie\" value=\"http:\/\/www.blogger.com\/img\/videoplayer.swf?videoUrl=http%3A%2F%2Fv23.nonxt7.googlevideo.com%2Fvideoplayback%3Fid%3D84581abc97cf0be9%26itag%3D5%26begin%3D0%26len%3D86400000%26app%3Dblogger%26et%3Dplay%26el%3DEMBEDDED%26ip%3D0.0.0.0%26ipbits%3D0%26expire%3D1271595864%26sparams%3Did%252Citag%252Cip%252Cipbits%252Cexpire%26signature%3D4861DFCB0FA00E80B3C3753E2CAEBDB4ED9E7B70.1762EBDC5AEE2FC1FFD0B601D474DAD523ACE357%26key%3Dck1&amp;thumbnailUrl=http%3A%2F%2Fvideo.google.com%2FThumbnailServer2%3Fapp%3Dblogger%26contentid%3D84581abc97cf0be9%26offsetms%3D5000%26itag%3Dw320%26sigh%3DB49CziE2Q2fyfh2PolxZ5zWXZFs&amp;messagesUrl=video.google.com%2FFlashUiStrings.xlb%3Fframe%3Dflashstrings%26hl%3Den&amp;nogvlm=1\"\/><param name=\"bgcolor\" value=\"#FFFFFF\"\/><\/object><\/div>\n","protected":false},"excerpt":{"rendered":"<p>Am primit pe mail de la Catalin, un link c\u0103tre un filmule\u021b extrem de nostim. \u00cel pun \u0219i eu aici, comentariile, sau dup\u0103 caz, hohotele de r\u00e2s v\u0103 apar\u021bin&#8230;<\/p>\n","protected":false},"author":1,"featured_media":0,"comment_status":"open","ping_status":"open","sticky":false,"template":"","format":"standard","meta":{"_et_pb_use_builder":"","_et_pb_old_content":"","jetpack_post_was_ever_published":false,"jetpack_publicize_message":"","jetpack_is_tweetstorm":false,"jetpack_publicize_feature_enabled":true,"jetpack_social_post_already_shared":false,"jetpack_social_options":{"image_generator_settings":{"template":"highway","enabled":false}}},"categories":[6],"tags":[],"jetpack_publicize_connections":[],"jetpack_featured_media_url":"","jetpack_sharing_enabled":true,"jetpack_shortlink":"https:\/\/wp.me\/p5QsNR-1o","jetpack-related-posts":[{"id":3644,"url":"https:\/\/insemnari.grigore.ro\/?p=3644","url_meta":{"origin":86,"position":0},"title":"Ca s\u0103 vezi&#8230;","date":"30\/04\/2015","format":false,"excerpt":"\u00cen 2009, am primit cadou de ziua mea (eram \u00een Prim\u0103rie pe atunci), un telefon. V\u0103 las s\u0103 ghici\u021bi de la cine :)) Apropos, un email primit azi-diminea\u021b\u0103: Mai \u021bine\u021bi minte c\u00e2nd ne povestea\u021bi c\u0103 avea\u021bi senza\u021bia c\u0103 v\u0103 urm\u0103re\u0219te\u00a0Poli\u021bia Local\u0103? Cum vorbeau prin sta\u021bie comunitarii c\u00e2nd trecea\u021bi cu ma\u0219ina\u00a0pe\u2026","rel":"","context":"In &quot;Politic\u0103&quot;","img":{"alt_text":"","src":"","width":0,"height":0},"classes":[]},{"id":2024,"url":"https:\/\/insemnari.grigore.ro\/?p=2024","url_meta":{"origin":86,"position":1},"title":"Vre\u021bi \u00een politic\u0103?&#8230; (partea a II-a)","date":"23\/02\/2012","format":false,"excerpt":"Ca un f\u0103cut, dup\u0103 ce vorbeam ieri sear\u0103 despre dezavantajele pe care trebuie s\u0103 \u0219i le asume \u00een mod firesc oricine are dorin\u021ba de a activa politic la un nivel c\u00e2t de c\u00e2t vizibil (aten\u021bia public\u0103 orientat\u0103 c\u0103tre propria persoan\u0103, atenuarea sau dispari\u021bia total\u0103 a intimit\u0103\u021bii vie\u021bii de zi cu\u2026","rel":"","context":"In &quot;Politic\u0103&quot;","img":{"alt_text":"","src":"","width":0,"height":0},"classes":[]},{"id":3429,"url":"https:\/\/insemnari.grigore.ro\/?p=3429","url_meta":{"origin":86,"position":2},"title":"Cum s\u0103 scrii prost o lege&#8230;","date":"02\/03\/2015","format":false,"excerpt":"\u00cen cazul \u00een care operatorii economici (...) refuz\u0103 emiterea \u0219i \u00eenm\u00e2narea bonului fiscal clientului (...) acesta din urm\u0103 are dreptul de a beneficia de bunul achizi\u021bionat sau de serviciul prestat f\u0103r\u0103 plata contravalorii acestuia.\" Am citat din de-acum\u00a0faimoasa\u00a0Ordonan\u021b\u0103 nr. 10\/2015. Poate p\u0103rea o fraz\u0103 de bun-sim\u021b, nu-i a\u0219a? Dar dac\u0103\u2026","rel":"","context":"In &quot;Politic\u0103&quot;","img":{"alt_text":"","src":"","width":0,"height":0},"classes":[]},{"id":3673,"url":"https:\/\/insemnari.grigore.ro\/?p=3673","url_meta":{"origin":86,"position":3},"title":"\u00cen semn de protest :))","date":"04\/07\/2015","format":false,"excerpt":"\u00a0\u00cen semn de protest c\u0103 nu a fost primit \u00een cas\u0103 :)) (e din vecini \u0219i a fost primit la mas\u0103, de unde \u0219i nemul\u021bumirea c\u0103 nu a primit \u0219i cazare).","rel":"","context":"In &quot;Diverse&quot;","img":{"alt_text":"","src":"","width":0,"height":0},"classes":[]},{"id":504,"url":"https:\/\/insemnari.grigore.ro\/?p=504","url_meta":{"origin":86,"position":4},"title":"Despre compromisuri \u0219i compromiteri&#8230; &#8211; articolul &#8211;","date":"22\/05\/2010","format":false,"excerpt":"Acest mic articol apare un pic mai t\u00e2rziu dec\u00e2t estimasem ini\u021bial, dar mai bine (cred eu) mai t\u00e2rziu dec\u00e2t deloc. \u00cen ciuda titlului un pic negativ, vreau s\u0103 \u00eencep cu o not\u0103 bun\u0103, de fapt una foarte bun\u0103, not\u0103 care cred c\u0103 trebuie oferit\u0103 D-nei senator Mihaela Popa. Vreau s-o\u2026","rel":"","context":"In &quot;Politic\u0103&quot;","img":{"alt_text":"","src":"","width":0,"height":0},"classes":[]},{"id":1876,"url":"https:\/\/insemnari.grigore.ro\/?p=1876","url_meta":{"origin":86,"position":5},"title":"Patrimoniul, \u00een folosul cui?&#8230;","date":"20\/02\/2012","format":false,"excerpt":"E an electoral. \u0218i ca de obicei, Gh. Nichita va \u00eencepe cu pomenile de sezon. Urmeaz\u0103, fi\u021bi f\u0103r\u0103 nicio grij\u0103, o lung\u0103 list\u0103 de reduceri, subven\u021bii, ajutoare, stimulente, premii \u0219i alte metode de colectat voturi prin abuzarea banului public. Una din metodele prin care se acord\u0103 aceste pomeni (sau prin\u2026","rel":"","context":"In &quot;Politic\u0103&quot;","img":{"alt_text":"","src":"","width":0,"height":0},"classes":[]}],"jetpack_likes_enabled":true,"_links":{"self":[{"href":"https:\/\/insemnari.grigore.ro\/index.php?rest_route=\/wp\/v2\/posts\/86"}],"collection":[{"href":"https:\/\/insemnari.grigore.ro\/index.php?rest_route=\/wp\/v2\/posts"}],"about":[{"href":"https:\/\/insemnari.grigore.ro\/index.php?rest_route=\/wp\/v2\/types\/post"}],"author":[{"embeddable":true,"href":"https:\/\/insemnari.grigore.ro\/index.php?rest_route=\/wp\/v2\/users\/1"}],"replies":[{"embeddable":true,"href":"https:\/\/insemnari.grigore.ro\/index.php?rest_route=%2Fwp%2Fv2%2Fcomments&post=86"}],"version-history":[{"count":0,"href":"https:\/\/insemnari.grigore.ro\/index.php?rest_route=\/wp\/v2\/posts\/86\/revisions"}],"wp:attachment":[{"href":"https:\/\/insemnari.grigore.ro\/index.php?rest_route=%2Fwp%2Fv2%2Fmedia&parent=86"}],"wp:term":[{"taxonomy":"category","embeddable":true,"href":"https:\/\/insemnari.grigore.ro\/index.php?rest_route=%2Fwp%2Fv2%2Fcategories&post=86"},{"taxonomy":"post_tag","embeddable":true,"href":"https:\/\/insemnari.grigore.ro\/index.php?rest_route=%2Fwp%2Fv2%2Ftags&post=86"}],"curies":[{"name":"wp","href":"https:\/\/api.w.org\/{rel}","templated":true}]}}